{"id":1075,"date":"2010-01-10T14:38:42","date_gmt":"2010-01-10T12:38:42","guid":{"rendered":"http:\/\/www.luxorbis.org\/friedensplattform.at\/?p=1075"},"modified":"2010-01-10T14:38:42","modified_gmt":"2010-01-10T12:38:42","slug":"weltkonferenz-der-voelker-ueber-den-klimawandel-und-die-rechte-von-mutter-erde-aufruf-von-evo-morales-dt-uebers","status":"publish","type":"post","link":"https:\/\/www.friedensplattform.at\/?p=1075","title":{"rendered":"WELTKONFERENZ DER V&#214;LKER &#220;BER DEN KLIMAWANDEL UND DIE RECHTE VON MUTTER ERDE (Aufruf von Evo Morales, dt. &#220;bers.)"},"content":{"rendered":"<p>Angesichts der Tatsache, dass der Klimawandel eine reale Bedrohung f\u00fcr das \u00dcberleben der Menschheit, der Lebewesen und unserer Mutter Erde in ihrer heutigen Form darstellt;<\/p>\n<p><!--more--><\/p>\n<p>im Wissen \u00fcber die gro\u00dfe Gefahr, der Inseln, K\u00fcstenzonen, Gletscher im Himalaja, den Anden und anderen Bergen der Welt, die Pole der Erde und hei\u00dfe Regionen wie Afrika, Wasserquellen, durch zunehmende Naturkatastrophen betroffene Bev\u00f6lkerungen, Pflanzen, Tiere und ganze \u00d6koysteme ausgesetzt sind;<\/p>\n<p>da nachweislich die \u00c4rmsten des Planeten den Klimawandel am st\u00e4rksten zu sp\u00fcren bekommen werden, indem ihre H\u00e4user und Lebensgrundlagen zerst\u00f6rt werden und sie gezwungen sein werden zu fliehen und Zuflucht zu suchen;<\/p>\n<p>unterstreichend, dass 75% der historischen Emissionen von Treibhausgasen auf das Konto der auf irrationale Weise industrialisierten L\u00e4nder des Nordens gehen;<\/p>\n<p>feststellend, dass der Klimawandel vom kapitalistischen System verursacht worden ist;<\/p>\n<p>im Bedauern \u00fcber das von den sogenannten \u201eentwickelten\u201c L\u00e4ndern verschuldete Scheitern der Konferenz von Kopenhagen, die ihre Klimaschuld gegen\u00fcber den Entwicklungsl\u00e4ndern, den k\u00fcnftigen Generationen und der Mutter Erde nicht anerkennen wollen;<\/p>\n<p>\u00fcberzeugt davon, dass es n\u00f6tig ist, die Rechte der Mutter Erde anzuerkennen und zu respektieren, um im 21. Jahrhundert die volle Erf\u00fcllung der Menschenrechte sicherzustellen;<\/p>\n<p>als Bekr\u00e4ftigung der Notwendigkeit, f\u00fcr Klimagerechtigkeit zu k\u00e4mpfen;<\/p>\n<p>in Anerkennung der Notwendigkeit dringender Ma\u00dfnahmen, um der Menschheit und Mutter Erde gr\u00f6\u00dfere Sch\u00e4den und Leiden zu ersparen sowie die Harmonie mit der Natur wiederherzustellen;<\/p>\n<p>in der Gewissheit, dass die V\u00f6lker der Welt, geleitet von den Prinzipien der Solidarit\u00e4t, der Gerechtigkeit und des Respekts f\u00fcr das Leben, in der Lage sein werden, die Menschheit und Mutter Erde zu retten; sowie<\/p>\n<p>zur Feier des Internationalen Tags der Mutter Erde<\/p>\n<p>ruft die Regierung des plurinationalen Staates Bolivien die V\u00f6lker, die sozialen Bewegungen und die Verteidiger von Mutter Erde aus aller Welt auf und l\u00e4dt sie, wie auch Wissenschaftler, Akademiker, Juristen und Regierungen, die mit ihrem Volk zusammenarbeiten wollen, zur Weltkonferenz der V\u00f6lker \u00fcber den Klimawandel und die Rechte von Mutter Erde ein, die vom 20. bis 22. April 2010 in Cochabamba, Bolivien, stattfinden wird.<\/p>\n<p>Die Weltkonferenz der V\u00f6lker \u00fcber den Klimawandel und die Rechte von Mutter Erde hat folgende Ziele:<\/p>\n<p>1. Analyse der strukturellen und systembedingten Ursachen des Klimawandels und Vorlegen tiefgreifender Ma\u00dfnahmen, die den Wohlstand der gesamten Menschheit in Harmonie mit der Natur erm\u00f6glichen;<\/p>\n<p>2. Diskussion und Beschluss des Projekts der Universellen Erkl\u00e4rung der Rechte von Mutter Erde;<\/p>\n<p>3. Einigung \u00fcber Vorschl\u00e4ge zu neuen Verpflichtungen f\u00fcr das Kyoto-Protokoll sowie f\u00fcr Entscheidungsvorhaben der UN-Rahmenkonvention \u00fcber Klimawandel als Leitlinien f\u00fcr das Verhalten der dem Leben verpflichteten Regierungen in den Verhandlungen \u00fcber den Klimawandel und auf allen Ebenen der Vereinten Nationen in Bezug auf:<\/p>\n<p>a) Klimaschuld<\/p>\n<p>b) Migranten\/Fl\u00fcchtlinge infolge des Klimawandels<\/p>\n<p>c) Emissionsreduktionen<\/p>\n<p>d) Adaptation<\/p>\n<p>e) Technologietransfer<\/p>\n<p>f) Finanzierung<\/p>\n<p>g) W\u00e4lder und Klimawandel<\/p>\n<p>h) gemeinsame Vision<\/p>\n<p>i) indigene V\u00f6lker<\/p>\n<p>j) Sonstiges;<\/p>\n<p>4. organisatorische Vorbereitung des weltweiten Referendums \u00fcber den Klimawandel;<\/p>\n<p>5. Analyse und Entwurf eines Aktionsplans, um der Errichtung eines Tribunals f\u00fcr Klimagerechtigkeit n\u00e4herzukommen;<\/p>\n<p>6. Festlegen der Aktions- und Mobilisierungsstrategien zur Verteidigung des Lebens angesichts des Klimawandels und f\u00fcr die Rechte von Mutter Erde.<\/p>\n<p>Bolivien, am 5. J\u00e4nner 2010<\/p>\n<p>Evo Morales Ayma<\/p>\n<p>Pr\u00e4sident des Plurinationalen Staates Bolivien<\/p>\n","protected":false},"excerpt":{"rendered":"<p>Angesichts der Tatsache, dass der Klimawandel eine reale Bedrohung f\u00fcr das \u00dcberleben der Menschheit, der Lebewesen und unserer Mutter Erde in ihrer heutigen Form darstellt;<\/p>\n","protected":false},"author":1,"featured_media":0,"comment_status":"open","ping_status":"open","sticky":false,"template":"","format":"standard","meta":{"footnotes":""},"categories":[1],"tags":[],"class_list":["post-1075","post","type-post","status-publish","format-standard","hentry","category-allgemein"],"_links":{"self":[{"href":"https:\/\/www.friedensplattform.at\/index.php?rest_route=\/wp\/v2\/posts\/1075","targetHints":{"allow":["GET"]}}],"collection":[{"href":"https:\/\/www.friedensplattform.at\/index.php?rest_route=\/wp\/v2\/posts"}],"about":[{"href":"https:\/\/www.friedensplattform.at\/index.php?rest_route=\/wp\/v2\/types\/post"}],"author":[{"embeddable":true,"href":"https:\/\/www.friedensplattform.at\/index.php?rest_route=\/wp\/v2\/users\/1"}],"replies":[{"embeddable":true,"href":"https:\/\/www.friedensplattform.at\/index.php?rest_route=%2Fwp%2Fv2%2Fcomments&post=1075"}],"version-history":[{"count":0,"href":"https:\/\/www.friedensplattform.at\/index.php?rest_route=\/wp\/v2\/posts\/1075\/revisions"}],"wp:attachment":[{"href":"https:\/\/www.friedensplattform.at\/index.php?rest_route=%2Fwp%2Fv2%2Fmedia&parent=1075"}],"wp:term":[{"taxonomy":"category","embeddable":true,"href":"https:\/\/www.friedensplattform.at\/index.php?rest_route=%2Fwp%2Fv2%2Fcategories&post=1075"},{"taxonomy":"post_tag","embeddable":true,"href":"https:\/\/www.friedensplattform.at\/index.php?rest_route=%2Fwp%2Fv2%2Ftags&post=1075"}],"curies":[{"name":"wp","href":"https:\/\/api.w.org\/{rel}","templated":true}]}}