{"id":1081,"date":"2010-01-10T20:50:57","date_gmt":"2010-01-10T18:50:57","guid":{"rendered":"http:\/\/www.luxorbis.org\/friedensplattform.at\/?p=1081"},"modified":"2010-01-10T20:50:57","modified_gmt":"2010-01-10T18:50:57","slug":"israeldeutschland-friedensaktivist-uri-avnery","status":"publish","type":"post","link":"https:\/\/www.friedensplattform.at\/?p=1081","title":{"rendered":"ISRAEL\/DEUTSCHLAND Friedensaktivist URI AVNERY"},"content":{"rendered":"<h3>Man muss sich nicht k\u00fcssen<\/h3>\n<p>F\u00fcr Deutschland ist die Freundschaft mit dem j\u00fcdischen Staat ein moralischer Imperativ. Sie sollte aber kein Ersatz f\u00fcr eine kritische Partnerschaft sein<\/p>\n<p>erschienen in <a title=\"www.freitag.de\" href=\"http:\/\/www.freitag.de\/politik\/1001-israel-deutschland-vergangenheit-beziehungen\" target=\"_blank\">www.freitag.de (hier weiterlesen)<br \/>\n<\/a><\/p>\n","protected":false},"excerpt":{"rendered":"<p>Man muss sich nicht k\u00fcssen F\u00fcr Deutschland ist die Freundschaft mit dem j\u00fcdischen Staat ein moralischer Imperativ. Sie sollte aber kein Ersatz f\u00fcr eine kritische Partnerschaft sein erschienen in www.freitag.de (hier weiterlesen)<\/p>\n","protected":false},"author":1,"featured_media":0,"comment_status":"open","ping_status":"open","sticky":false,"template":"","format":"standard","meta":{"footnotes":""},"categories":[5],"tags":[],"class_list":["post-1081","post","type-post","status-publish","format-standard","hentry","category-arabischer-raum"],"_links":{"self":[{"href":"https:\/\/www.friedensplattform.at\/index.php?rest_route=\/wp\/v2\/posts\/1081","targetHints":{"allow":["GET"]}}],"collection":[{"href":"https:\/\/www.friedensplattform.at\/index.php?rest_route=\/wp\/v2\/posts"}],"about":[{"href":"https:\/\/www.friedensplattform.at\/index.php?rest_route=\/wp\/v2\/types\/post"}],"author":[{"embeddable":true,"href":"https:\/\/www.friedensplattform.at\/index.php?rest_route=\/wp\/v2\/users\/1"}],"replies":[{"embeddable":true,"href":"https:\/\/www.friedensplattform.at\/index.php?rest_route=%2Fwp%2Fv2%2Fcomments&post=1081"}],"version-history":[{"count":0,"href":"https:\/\/www.friedensplattform.at\/index.php?rest_route=\/wp\/v2\/posts\/1081\/revisions"}],"wp:attachment":[{"href":"https:\/\/www.friedensplattform.at\/index.php?rest_route=%2Fwp%2Fv2%2Fmedia&parent=1081"}],"wp:term":[{"taxonomy":"category","embeddable":true,"href":"https:\/\/www.friedensplattform.at\/index.php?rest_route=%2Fwp%2Fv2%2Fcategories&post=1081"},{"taxonomy":"post_tag","embeddable":true,"href":"https:\/\/www.friedensplattform.at\/index.php?rest_route=%2Fwp%2Fv2%2Ftags&post=1081"}],"curies":[{"name":"wp","href":"https:\/\/api.w.org\/{rel}","templated":true}]}}