{"id":1083,"date":"2010-01-13T22:16:25","date_gmt":"2010-01-13T20:16:25","guid":{"rendered":"http:\/\/www.luxorbis.org\/friedensplattform.at\/?p=1083"},"modified":"2010-01-13T22:16:25","modified_gmt":"2010-01-13T20:16:25","slug":"fian-studie-menschenrechte-im-klimawandel","status":"publish","type":"post","link":"https:\/\/www.friedensplattform.at\/?p=1083","title":{"rendered":"FIAN-Studie: Menschenrechte im Klimawandel."},"content":{"rendered":"<p>Anforderungen an internationale Klimapolitik<\/p>\n<p>Der Klimawandel hat bereits heute negative Auswirkungen auf die Rechte vieler Menschen auf ausreichend Nahrung und Wasser. Aus den internationalen Menschenrechtsvertraegen ergibt sich daher f\u00fcr Staaten die Pflicht, effektive Massnahmen zur Senkung der Treibhausgasemissionen zu ergreifen sowie die besonders gef\u00e4hrdeten Menschen umfassend bei der Anpassung an nicht mehr vermeidbare Klimaaenderungen zu unterst\u00fctzen. <a href=\"http:\/\/www.fian.at\/inside\/docupload\/fian_menschenrechte_im_klimawandel_2009.pdf\">Download (1MB)<\/a><\/p>\n","protected":false},"excerpt":{"rendered":"<p>Anforderungen an internationale Klimapolitik Der Klimawandel hat bereits heute negative Auswirkungen auf die Rechte vieler Menschen auf ausreichend Nahrung und Wasser. Aus den internationalen Menschenrechtsvertraegen ergibt sich daher f\u00fcr Staaten die Pflicht, effektive Massnahmen zur Senkung der Treibhausgasemissionen zu ergreifen sowie die besonders gef\u00e4hrdeten Menschen umfassend bei der Anpassung an nicht mehr vermeidbare Klimaaenderungen zu &hellip; <a href=\"https:\/\/www.friedensplattform.at\/?p=1083\" class=\"more-link\"><span class=\"screen-reader-text\">FIAN-Studie: Menschenrechte im Klimawandel.<\/span> weiterlesen <span class=\"meta-nav\">&rarr;<\/span><\/a><\/p>\n","protected":false},"author":1,"featured_media":0,"comment_status":"open","ping_status":"open","sticky":false,"template":"","format":"standard","meta":{"footnotes":""},"categories":[1],"tags":[],"class_list":["post-1083","post","type-post","status-publish","format-standard","hentry","category-allgemein"],"_links":{"self":[{"href":"https:\/\/www.friedensplattform.at\/index.php?rest_route=\/wp\/v2\/posts\/1083","targetHints":{"allow":["GET"]}}],"collection":[{"href":"https:\/\/www.friedensplattform.at\/index.php?rest_route=\/wp\/v2\/posts"}],"about":[{"href":"https:\/\/www.friedensplattform.at\/index.php?rest_route=\/wp\/v2\/types\/post"}],"author":[{"embeddable":true,"href":"https:\/\/www.friedensplattform.at\/index.php?rest_route=\/wp\/v2\/users\/1"}],"replies":[{"embeddable":true,"href":"https:\/\/www.friedensplattform.at\/index.php?rest_route=%2Fwp%2Fv2%2Fcomments&post=1083"}],"version-history":[{"count":0,"href":"https:\/\/www.friedensplattform.at\/index.php?rest_route=\/wp\/v2\/posts\/1083\/revisions"}],"wp:attachment":[{"href":"https:\/\/www.friedensplattform.at\/index.php?rest_route=%2Fwp%2Fv2%2Fmedia&parent=1083"}],"wp:term":[{"taxonomy":"category","embeddable":true,"href":"https:\/\/www.friedensplattform.at\/index.php?rest_route=%2Fwp%2Fv2%2Fcategories&post=1083"},{"taxonomy":"post_tag","embeddable":true,"href":"https:\/\/www.friedensplattform.at\/index.php?rest_route=%2Fwp%2Fv2%2Ftags&post=1083"}],"curies":[{"name":"wp","href":"https:\/\/api.w.org\/{rel}","templated":true}]}}