{"id":1085,"date":"2010-01-18T22:08:23","date_gmt":"2010-01-18T20:08:23","guid":{"rendered":"http:\/\/www.luxorbis.org\/friedensplattform.at\/?p=1085"},"modified":"2010-01-18T22:08:23","modified_gmt":"2010-01-18T20:08:23","slug":"artikel-auf-fr-online-es-ist-ein-fluch-aber-kein-schicksal","status":"publish","type":"post","link":"https:\/\/www.friedensplattform.at\/?p=1085","title":{"rendered":"Artikel auf fr-online: &quot;Es ist ein Fluch, aber kein Schicksal&quot;"},"content":{"rendered":"<p>Nach dem Erdbeben auf Hispanola kommen die Rettungsteams wegen der Zerst\u00f6rungen nicht zu den \u00dcberlebenden durch. Deren Verzweiflung schl\u00e4gt zunehmend in Aggression um. Der Haiti-Experte Claude Ribbe gibt im FRInterview den Kolonial- und Gro\u00dfm\u00e4chten eine Mitschuld f\u00fcr das Ausma\u00df der Katastrophe.<\/p>\n<p><a title=\"Frankfurter Rundschau\" href=\"http:\/\/www.fr-online.de\/top_news\/2209210_Erdbebenkatastrophe-in-Haiti-Es-ist-ein-Fluch-aber-kein-Schicksal.html\" target=\"_blank\">Weiterlesen in der Frankfurter Rundschau<\/a><\/p>\n","protected":false},"excerpt":{"rendered":"<p>Nach dem Erdbeben auf Hispanola kommen die Rettungsteams wegen der Zerst\u00f6rungen nicht zu den \u00dcberlebenden durch. Deren Verzweiflung schl\u00e4gt zunehmend in Aggression um. Der Haiti-Experte Claude Ribbe gibt im FRInterview den Kolonial- und Gro\u00dfm\u00e4chten eine Mitschuld f\u00fcr das Ausma\u00df der Katastrophe. Weiterlesen in der Frankfurter Rundschau<\/p>\n","protected":false},"author":1,"featured_media":0,"comment_status":"open","ping_status":"open","sticky":false,"template":"","format":"standard","meta":{"footnotes":""},"categories":[1],"tags":[],"class_list":["post-1085","post","type-post","status-publish","format-standard","hentry","category-allgemein"],"_links":{"self":[{"href":"https:\/\/www.friedensplattform.at\/index.php?rest_route=\/wp\/v2\/posts\/1085","targetHints":{"allow":["GET"]}}],"collection":[{"href":"https:\/\/www.friedensplattform.at\/index.php?rest_route=\/wp\/v2\/posts"}],"about":[{"href":"https:\/\/www.friedensplattform.at\/index.php?rest_route=\/wp\/v2\/types\/post"}],"author":[{"embeddable":true,"href":"https:\/\/www.friedensplattform.at\/index.php?rest_route=\/wp\/v2\/users\/1"}],"replies":[{"embeddable":true,"href":"https:\/\/www.friedensplattform.at\/index.php?rest_route=%2Fwp%2Fv2%2Fcomments&post=1085"}],"version-history":[{"count":0,"href":"https:\/\/www.friedensplattform.at\/index.php?rest_route=\/wp\/v2\/posts\/1085\/revisions"}],"wp:attachment":[{"href":"https:\/\/www.friedensplattform.at\/index.php?rest_route=%2Fwp%2Fv2%2Fmedia&parent=1085"}],"wp:term":[{"taxonomy":"category","embeddable":true,"href":"https:\/\/www.friedensplattform.at\/index.php?rest_route=%2Fwp%2Fv2%2Fcategories&post=1085"},{"taxonomy":"post_tag","embeddable":true,"href":"https:\/\/www.friedensplattform.at\/index.php?rest_route=%2Fwp%2Fv2%2Ftags&post=1085"}],"curies":[{"name":"wp","href":"https:\/\/api.w.org\/{rel}","templated":true}]}}