{"id":1090,"date":"2010-01-25T21:09:40","date_gmt":"2010-01-25T19:09:40","guid":{"rendered":"http:\/\/www.luxorbis.org\/friedensplattform.at\/?p=1090"},"modified":"2010-01-25T21:09:40","modified_gmt":"2010-01-25T19:09:40","slug":"friedensratschlag-die-sicherheitskonferenz-2010-ist-eine-kriegskonferenz","status":"publish","type":"post","link":"https:\/\/www.friedensplattform.at\/?p=1090","title":{"rendered":"Friedensratschlag: &quot;Die &#039;Sicherheitskonferenz&#039; 2010 ist eine Kriegskonferenz&quot;"},"content":{"rendered":"<h2>Dokumentiert: Der Aufruf des Aktionsb\u00fcndnisses gegen die M\u00fcnchner Sicherheitskonferenz 2010 \/ Liste der Unterzeichner\/innen<\/h2>\n<p><em> Vom 5. \u2013 7. Februar 2010 werden sich erneut hochrangige Vertreter der internationalen au\u00dfen-, sicherheits- und verteidigungspolitischen &#8222;Gemeinschaft&#8220; im Hotel &#8222;Bayerischer Hof&#8220; zum Gedankenaustausch treffen. Wir jedes Jahr formiert sich wieder friedenspolitischer Protest gegen dieses Ereignis (siehe: <a href=\"http:\/\/www.uni-kassel.de\/fb5\/frieden\/themen\/Sicherheitskonferenz\/2010-presse.html\">B\u00fcndnis gegen M\u00fcnchner Sicherheitskonferenz<\/a>). Wir berichten auf unseren Sonderseiten \u00fcber die Konferenz sowie \u00fcber die Aktivit\u00e4ten der Kritiker.<br \/>\nHeute: Der Aufruf des Aktionsb\u00fcndnisses mit der Liste der unterst\u00fctzenden Organisationen und Einzelpersonen.<\/em><\/p>\n<p><a title=\"Uni Kassel\" href=\"http:\/\/www.uni-kassel.de\/fb5\/frieden\/themen\/Sicherheitskonferenz\/2010-aufruf.html\" target=\"_blank\">Weiterlesen auf den Seiten der Uni Kassel<\/a><em><br \/>\n<\/em><\/p>\n","protected":false},"excerpt":{"rendered":"<p>Dokumentiert: Der Aufruf des Aktionsb\u00fcndnisses gegen die M\u00fcnchner Sicherheitskonferenz 2010 \/ Liste der Unterzeichner\/innen Vom 5. \u2013 7. Februar 2010 werden sich erneut hochrangige Vertreter der internationalen au\u00dfen-, sicherheits- und verteidigungspolitischen &#8222;Gemeinschaft&#8220; im Hotel &#8222;Bayerischer Hof&#8220; zum Gedankenaustausch treffen. Wir jedes Jahr formiert sich wieder friedenspolitischer Protest gegen dieses Ereignis (siehe: B\u00fcndnis gegen M\u00fcnchner Sicherheitskonferenz). &hellip; <a href=\"https:\/\/www.friedensplattform.at\/?p=1090\" class=\"more-link\"><span class=\"screen-reader-text\">Friedensratschlag: &quot;Die &#039;Sicherheitskonferenz&#039; 2010 ist eine Kriegskonferenz&quot;<\/span> weiterlesen <span class=\"meta-nav\">&rarr;<\/span><\/a><\/p>\n","protected":false},"author":1,"featured_media":0,"comment_status":"open","ping_status":"open","sticky":false,"template":"","format":"standard","meta":{"footnotes":""},"categories":[1],"tags":[],"class_list":["post-1090","post","type-post","status-publish","format-standard","hentry","category-allgemein"],"_links":{"self":[{"href":"https:\/\/www.friedensplattform.at\/index.php?rest_route=\/wp\/v2\/posts\/1090","targetHints":{"allow":["GET"]}}],"collection":[{"href":"https:\/\/www.friedensplattform.at\/index.php?rest_route=\/wp\/v2\/posts"}],"about":[{"href":"https:\/\/www.friedensplattform.at\/index.php?rest_route=\/wp\/v2\/types\/post"}],"author":[{"embeddable":true,"href":"https:\/\/www.friedensplattform.at\/index.php?rest_route=\/wp\/v2\/users\/1"}],"replies":[{"embeddable":true,"href":"https:\/\/www.friedensplattform.at\/index.php?rest_route=%2Fwp%2Fv2%2Fcomments&post=1090"}],"version-history":[{"count":0,"href":"https:\/\/www.friedensplattform.at\/index.php?rest_route=\/wp\/v2\/posts\/1090\/revisions"}],"wp:attachment":[{"href":"https:\/\/www.friedensplattform.at\/index.php?rest_route=%2Fwp%2Fv2%2Fmedia&parent=1090"}],"wp:term":[{"taxonomy":"category","embeddable":true,"href":"https:\/\/www.friedensplattform.at\/index.php?rest_route=%2Fwp%2Fv2%2Fcategories&post=1090"},{"taxonomy":"post_tag","embeddable":true,"href":"https:\/\/www.friedensplattform.at\/index.php?rest_route=%2Fwp%2Fv2%2Ftags&post=1090"}],"curies":[{"name":"wp","href":"https:\/\/api.w.org\/{rel}","templated":true}]}}