{"id":1092,"date":"2010-01-27T23:28:51","date_gmt":"2010-01-27T21:28:51","guid":{"rendered":"http:\/\/www.luxorbis.org\/friedensplattform.at\/?p=1092"},"modified":"2010-01-27T23:28:51","modified_gmt":"2010-01-27T21:28:51","slug":"artikel-auf-spiegel-de-klima-rueckkopplung-kleiner-als-befuerchtet","status":"publish","type":"post","link":"https:\/\/www.friedensplattform.at\/?p=1092","title":{"rendered":"Artikel auf spiegel.de: Klima-R&#252;ckkopplung kleiner als bef&#252;rchtet"},"content":{"rendered":"<p>Die globale Erw\u00e4rmung l\u00e4sst in der Natur mehr Kohlendioxid frei werden &#8211; und verst\u00e4rkt sich dadurch selbst: Diese R\u00fcckkopplung bereitet Forschern enorme Sorgen. Eine neue Studie besagt nun, dass der Effekt kleiner ist als bisher vermutet. Grund zur Entwarnung sehen die Experten aber nicht.<\/p>\n<p><a title=\"www.spiegel.de\" href=\"http:\/\/www.spiegel.de\/wissenschaft\/natur\/0,1518,674457,00.html\" target=\"_blank\">Weiterlesen auf www.spiegel.de<\/a><\/p>\n","protected":false},"excerpt":{"rendered":"<p>Die globale Erw\u00e4rmung l\u00e4sst in der Natur mehr Kohlendioxid frei werden &#8211; und verst\u00e4rkt sich dadurch selbst: Diese R\u00fcckkopplung bereitet Forschern enorme Sorgen. Eine neue Studie besagt nun, dass der Effekt kleiner ist als bisher vermutet. Grund zur Entwarnung sehen die Experten aber nicht. Weiterlesen auf www.spiegel.de<\/p>\n","protected":false},"author":1,"featured_media":0,"comment_status":"open","ping_status":"open","sticky":false,"template":"","format":"standard","meta":{"footnotes":""},"categories":[1],"tags":[],"class_list":["post-1092","post","type-post","status-publish","format-standard","hentry","category-allgemein"],"_links":{"self":[{"href":"https:\/\/www.friedensplattform.at\/index.php?rest_route=\/wp\/v2\/posts\/1092","targetHints":{"allow":["GET"]}}],"collection":[{"href":"https:\/\/www.friedensplattform.at\/index.php?rest_route=\/wp\/v2\/posts"}],"about":[{"href":"https:\/\/www.friedensplattform.at\/index.php?rest_route=\/wp\/v2\/types\/post"}],"author":[{"embeddable":true,"href":"https:\/\/www.friedensplattform.at\/index.php?rest_route=\/wp\/v2\/users\/1"}],"replies":[{"embeddable":true,"href":"https:\/\/www.friedensplattform.at\/index.php?rest_route=%2Fwp%2Fv2%2Fcomments&post=1092"}],"version-history":[{"count":0,"href":"https:\/\/www.friedensplattform.at\/index.php?rest_route=\/wp\/v2\/posts\/1092\/revisions"}],"wp:attachment":[{"href":"https:\/\/www.friedensplattform.at\/index.php?rest_route=%2Fwp%2Fv2%2Fmedia&parent=1092"}],"wp:term":[{"taxonomy":"category","embeddable":true,"href":"https:\/\/www.friedensplattform.at\/index.php?rest_route=%2Fwp%2Fv2%2Fcategories&post=1092"},{"taxonomy":"post_tag","embeddable":true,"href":"https:\/\/www.friedensplattform.at\/index.php?rest_route=%2Fwp%2Fv2%2Ftags&post=1092"}],"curies":[{"name":"wp","href":"https:\/\/api.w.org\/{rel}","templated":true}]}}