{"id":1096,"date":"2010-02-04T22:59:21","date_gmt":"2010-02-04T20:59:21","guid":{"rendered":"http:\/\/www.luxorbis.org\/friedensplattform.at\/?p=1096"},"modified":"2010-02-04T22:59:21","modified_gmt":"2010-02-04T20:59:21","slug":"artikel-auf-attac-de-muenchner-sicherheitskonferenz-abschaffen","status":"publish","type":"post","link":"https:\/\/www.friedensplattform.at\/?p=1096","title":{"rendered":"Artikel auf attac.de: M&#252;nchner Sicherheitskonferenz abschaffen!"},"content":{"rendered":"<p>Wieder einmal versammeln sich Politiker, Milit\u00e4rs und R\u00fcstungsindustrie zur &#8222;Sicherheitskonferenz&#8220;, um \u00fcber Kriegspolitik zu beraten. Ein gro\u00dfes B\u00fcndnis unter der Beteiligung von Attac protestiert gegen dieses Treffen!<\/p>\n<p><a title=\"www.attac.de\" href=\"http:\/\/www.attac.de\/aktuell\/neuigkeiten\/detailansicht\/datum\/2010\/02\/03\/muenchner-sicherheitskonferenz-abschaffen\/?no_cache=1&amp;cHash=471ab58423\" target=\"_blank\">Weiterlesen auf www.attac.de<\/a><\/p>\n","protected":false},"excerpt":{"rendered":"<p>Wieder einmal versammeln sich Politiker, Milit\u00e4rs und R\u00fcstungsindustrie zur &#8222;Sicherheitskonferenz&#8220;, um \u00fcber Kriegspolitik zu beraten. Ein gro\u00dfes B\u00fcndnis unter der Beteiligung von Attac protestiert gegen dieses Treffen! Weiterlesen auf www.attac.de<\/p>\n","protected":false},"author":1,"featured_media":0,"comment_status":"open","ping_status":"open","sticky":false,"template":"","format":"standard","meta":{"footnotes":""},"categories":[1],"tags":[],"class_list":["post-1096","post","type-post","status-publish","format-standard","hentry","category-allgemein"],"_links":{"self":[{"href":"https:\/\/www.friedensplattform.at\/index.php?rest_route=\/wp\/v2\/posts\/1096","targetHints":{"allow":["GET"]}}],"collection":[{"href":"https:\/\/www.friedensplattform.at\/index.php?rest_route=\/wp\/v2\/posts"}],"about":[{"href":"https:\/\/www.friedensplattform.at\/index.php?rest_route=\/wp\/v2\/types\/post"}],"author":[{"embeddable":true,"href":"https:\/\/www.friedensplattform.at\/index.php?rest_route=\/wp\/v2\/users\/1"}],"replies":[{"embeddable":true,"href":"https:\/\/www.friedensplattform.at\/index.php?rest_route=%2Fwp%2Fv2%2Fcomments&post=1096"}],"version-history":[{"count":0,"href":"https:\/\/www.friedensplattform.at\/index.php?rest_route=\/wp\/v2\/posts\/1096\/revisions"}],"wp:attachment":[{"href":"https:\/\/www.friedensplattform.at\/index.php?rest_route=%2Fwp%2Fv2%2Fmedia&parent=1096"}],"wp:term":[{"taxonomy":"category","embeddable":true,"href":"https:\/\/www.friedensplattform.at\/index.php?rest_route=%2Fwp%2Fv2%2Fcategories&post=1096"},{"taxonomy":"post_tag","embeddable":true,"href":"https:\/\/www.friedensplattform.at\/index.php?rest_route=%2Fwp%2Fv2%2Ftags&post=1096"}],"curies":[{"name":"wp","href":"https:\/\/api.w.org\/{rel}","templated":true}]}}