{"id":1098,"date":"2010-02-05T23:10:02","date_gmt":"2010-02-05T21:10:02","guid":{"rendered":"http:\/\/www.luxorbis.org\/friedensplattform.at\/?p=1098"},"modified":"2010-02-05T23:10:02","modified_gmt":"2010-02-05T21:10:02","slug":"der-urbizid-jerusalems","status":"publish","type":"post","link":"https:\/\/www.friedensplattform.at\/?p=1098","title":{"rendered":"DER  URBIZID JERUSALEMS"},"content":{"rendered":"<p><em><strong> \u00dcber das Zerrei\u00dfen einer Stadt<\/strong><\/em><\/p>\n<p><strong> <\/strong> <strong>mit<\/strong><\/p>\n<p><strong>Dr.<sup>in<\/sup> Viktoria Waltz<\/strong><\/p>\n<p><strong> <\/strong><\/p>\n<p><strong>Mittwoch, 3. M\u00e4rz 2010<\/strong><\/p>\n<p><strong>19.00<\/strong><\/p>\n<p><strong>Kaiser Josef Platz 9, im Gemeindesaal der\u00a0evangelischen Pfarrgemeinde bei der Heilandskirche, 8010 Graz<\/strong><\/p>\n<p><!--more--><\/p>\n<p><strong> <\/strong> Moderation: \u00a0Dr.<sup>in<\/sup> Yvonne Schmidt, Uni Graz<\/p>\n<p><strong> <\/strong> <strong>Frau Dr.<sup> in<\/sup> Waltz, \u00a0Wissenschafterin f\u00fcr Raumordungsplanung aus Dortmund (D) und Ramallah (Pal\u00e4stina) veranschaulicht mit Bild- und Kartenmaterial die fortgeschrittene Kolonisierung und Zerst\u00f6rung der Stadt, den URBIZID. D<\/strong><strong>er URBIZID ist gleichbedeutend mit der andauernden Vertreibung der urspr\u00fcnglichen pal\u00e4stinensischen Bev\u00f6lkerung aus Jerusalem. <\/strong><\/p>\n<p>F\u00fcr Millionen von Menschen weckt der Name der heiligen Stadt den Wunsch nach Friede, Gerechtigkeit auf Erden und Geschwisterlichkeit unter den Menschen.<\/p>\n<p>Doch Jerusalem, die Stadt der drei gro\u00dfen Religionen Judentum, Christentum und Islam steht mit ihrer Geschichte und Gegenwart als Mahnmal f\u00fcr die gro\u00dfe Trag\u00f6die des pal\u00e4stinensischen Volkes.<\/p>\n<p>Der Berg Zion in Jerusalem gab dem Zionismus seinen Namen.<\/p>\n<p>Aber historisch hatte Jerusalem im Kolonialisierungsprogramm der Zionistischen Bewegung zun\u00e4chst nicht wirklich Priorit\u00e4t.\u00a0 Tel Aviv, die \u201awei\u00dfe\u2018, moderne, und erste \u201arein j\u00fcdische Stadt\u2018, entsprach den kolonialen Absichten der Europ\u00e4erInnen viel mehr. Das \u00e4nderte sich seit der Staatsgr\u00fcndung Israels 1948 und erst recht seit der Besetzung Ost Jerusalems im Zuge der West Bank Besatzung 1967. Nach der politischen und milit\u00e4rischen \u00dcbernahme der Macht wurden Land und Eigentum der pal\u00e4stinensischen EinwohnerInnen konfisziert, ihre H\u00e4user zerst\u00f6rt und alle Neubauten\u00a0 illegalisiert. Seit 1967 wurden mehr als 50.000 Pal\u00e4stinenserInnen aus Jerusalem zwangsausgeb\u00fcrgert.<\/p>\n<p>Die weitere Kolonisierung der Stadt durch Gro\u00df-Siedlungen, Gro\u00df-Farmen, Naturschutzgebiete, Stra\u00dfen und ein immer dichteres Netz von kleineren Siedlungen, die mittlerweile ganz Jerusalem umringen, sollen laut israelischer Planung ein Bev\u00f6lkerungsverh\u00e4ltnis von 72% j\u00fcdischer BewohnerInnen zu 28% der urspr\u00fcnglichen pal\u00e4stinensischen Einwohnerschaft bewirken.<\/p>\n<p>Eine j\u00fcdische Mehrheit f\u00fcr ganz Jerusalem in israelischen Grenzen w\u00e4re damit erreicht.<\/p>\n<p>Und heute werden Pal\u00e4stinenserInnen, die der Altstadt Jerusalems leben, von radikalen j\u00fcdischen Siedlern massiv bedroht. J\u00fcngste Ausgrabungsergebnisse sollen belegen, dass j\u00fcdische Heiligt\u00fcmer unter dem Boden der pal\u00e4stinensischen H\u00e4user liegen.<\/p>\n<p>Auch die Stadtverwaltung zwangsenteignet Boden oder aberkennt den BewohnerInnen das Aufenthaltsrecht. Ihre H\u00e4user werden kurzerhand abgerissen. \u00a0Siedlungen sind mittlerweile in einem Ring rund um die Altstadt Jerusalems gezogen. Damit kann den muslimischen Pal\u00e4stinenserInnen der Zugang zum Tempelberg mit Al-Aqsa Moschee und Felsendom\u00a0\u00a0jederzeit\u00a0verwehrt werden.<\/p>\n<p>Dieses Vorgehen der israelischer Regierungen verhindert nicht nur eine Friedensl\u00f6sung, es rei\u00dft ihr &#8211; im wahrsten Sinne des Wortes- den Boden unter den F\u00fc\u00dfen weg.<\/p>\n<p>Wer wei\u00df, kann nicht mehr schweigen.<\/p>\n<p><strong>Links:<\/strong><\/p>\n<p><em><span style=\"text-decoration: underline;\">\u00ad <\/span><\/em><em><span style=\"text-decoration: underline;\">Blog von Dr. Waltz:<\/span><\/em><\/p>\n<p><a href=\"http:\/\/zionismus-israel-raumplanung.blogspot.com\/\" target=\"_blank\">http:\/\/zionismus-israel-raumplanung.blogspot.com\/<\/a><\/p>\n<p>\u00ad\u00a0\u00a0\u00a0\u00a0 <span style=\"text-decoration: underline;\"><em> <\/em><\/span><span style=\"text-decoration: underline;\"><em>ARD-Weltspiegel:<\/em><\/span> &#8222;Arch\u00e4ologen als orthodoxe Siedler&#8220; auf: <a href=\"http:\/\/mediathek.daserste.de\/daserste\/servlet\/content\/3395338?pageId=487910&amp;moduleId=487904&amp;categoryId=&amp;goto=1&amp;show\" target=\"_blank\">http:\/\/mediathek.daserste.de\/daserste\/servlet\/content\/3395338?pageId=487910&amp;moduleId=487904&amp;categoryId=&amp;goto=1&amp;show<\/a>=<\/p>\n<p><em>\u00ad <\/em><span style=\"text-decoration: underline;\"><em>AG Friedensforschung:<\/em><\/span> <a href=\"http:\/\/www.uni-kassel.de\/fb5\/frieden\/regionen\/Israel\/siedlungen8.html\" target=\"_blank\">http:\/\/www.uni-kassel.de\/fb5\/frieden\/regionen\/Israel\/siedlungen8.html<\/a><\/p>\n<p><em> <\/em><\/p>\n<p><em>\u00ad <\/em><span style=\"text-decoration: underline;\"><em>Blog des evangelischen Pfarrers G. Kraatz<\/em><\/span> \u201eBericht aus Jerusalem\u201c:\u00a0\u00a0\u00a0\u00a0\u00a0  <span style=\"text-decoration: underline;\"> <\/span><a href=\"http:\/\/gottfried-kraatz.blogspot.com\/\" target=\"_blank\">http:\/\/gottfried-kraatz.blogspot.com\/<\/a><\/p>\n<p><span style=\"text-decoration: underline;\"><em>\u00ad <\/em><\/span><em><span style=\"text-decoration: underline;\">Interview mit Pax-Christi Aktivist Jochen Stoll<\/span>:<\/em> <a href=\"http:\/\/www.badische-zeitung.de\/grafenhausen\/situation-wie-david-gegen-goliath\" target=\"_blank\">http:\/\/www.badische-zeitung.de\/grafenhausen\/situation-wie-david-gegen-goliath<\/a><\/p>\n<p><span style=\"text-decoration: underline;\"><em>\u00ad <\/em><\/span><span style=\"text-decoration: underline;\"><em>Die ber\u00fchmte arabische S\u00e4ngerin Fairouz \u201eAl-Quds\u201c:<\/em><\/span> <a href=\"http:\/\/www.youtube.com\/watch?v=Rj5XM-vjvVs&amp;NR=1\" target=\"_blank\">http:\/\/www.youtube.com\/watch?v=Rj5XM-vjvVs&amp;NR=1<\/a><\/p>\n<p><strong> <\/strong><\/p>\n<p><span style=\"text-decoration: underline;\">Mitveranstalterinnen:<\/span><\/p>\n<p>Solidarit\u00e4tskomitee f\u00fcr Pal\u00e4stina<\/p>\n<p>Pax Christi Graz<\/p>\n<p>Renner Institut<strong> <\/strong>Steiermark<\/p>\n<p>Gr\u00fcne Akademie<\/p>\n<p>Evangelisches Bildungswerk Steiermark<\/p>\n<p>Friedensb\u00fcro Graz<\/p>\n<p>ETC Graz<\/p>\n<p>Gesellschaft f\u00fcr \u00d6sterr. Arabische Beziehungen Steiermark<\/p>\n<p>KP\u00d6 Bildungsverein<\/p>\n<p>Islamische Glaubensgemeinschaft f. Steiermark und K\u00e4rnten<\/p>\n","protected":false},"excerpt":{"rendered":"<p>\u00dcber das Zerrei\u00dfen einer Stadt mit Dr.in Viktoria Waltz Mittwoch, 3. M\u00e4rz 2010 19.00 Kaiser Josef Platz 9, im Gemeindesaal der\u00a0evangelischen Pfarrgemeinde bei der Heilandskirche, 8010 Graz<\/p>\n","protected":false},"author":1,"featured_media":0,"comment_status":"open","ping_status":"open","sticky":false,"template":"","format":"standard","meta":{"footnotes":""},"categories":[5],"tags":[],"class_list":["post-1098","post","type-post","status-publish","format-standard","hentry","category-arabischer-raum"],"_links":{"self":[{"href":"https:\/\/www.friedensplattform.at\/index.php?rest_route=\/wp\/v2\/posts\/1098","targetHints":{"allow":["GET"]}}],"collection":[{"href":"https:\/\/www.friedensplattform.at\/index.php?rest_route=\/wp\/v2\/posts"}],"about":[{"href":"https:\/\/www.friedensplattform.at\/index.php?rest_route=\/wp\/v2\/types\/post"}],"author":[{"embeddable":true,"href":"https:\/\/www.friedensplattform.at\/index.php?rest_route=\/wp\/v2\/users\/1"}],"replies":[{"embeddable":true,"href":"https:\/\/www.friedensplattform.at\/index.php?rest_route=%2Fwp%2Fv2%2Fcomments&post=1098"}],"version-history":[{"count":0,"href":"https:\/\/www.friedensplattform.at\/index.php?rest_route=\/wp\/v2\/posts\/1098\/revisions"}],"wp:attachment":[{"href":"https:\/\/www.friedensplattform.at\/index.php?rest_route=%2Fwp%2Fv2%2Fmedia&parent=1098"}],"wp:term":[{"taxonomy":"category","embeddable":true,"href":"https:\/\/www.friedensplattform.at\/index.php?rest_route=%2Fwp%2Fv2%2Fcategories&post=1098"},{"taxonomy":"post_tag","embeddable":true,"href":"https:\/\/www.friedensplattform.at\/index.php?rest_route=%2Fwp%2Fv2%2Ftags&post=1098"}],"curies":[{"name":"wp","href":"https:\/\/api.w.org\/{rel}","templated":true}]}}