{"id":110,"date":"2007-03-03T10:41:05","date_gmt":"2007-03-03T08:41:05","guid":{"rendered":"http:\/\/www.luxorbis.org\/friedensplattform.at\/?p=110"},"modified":"2007-03-03T10:41:05","modified_gmt":"2007-03-03T08:41:05","slug":"soziale-bewegungen-und-krise-des-ogb","status":"publish","type":"post","link":"https:\/\/www.friedensplattform.at\/?p=110","title":{"rendered":"Soziale Bewegungen und Krise des &#214;GB :"},"content":{"rendered":"<p>Wie beim 3. ASF in Graz anl\u00e4sslich der Abendiskussion \u00fcber die Krise des \u00d6GB beschlossen, gab es bereits eine gemeinsame Konferenz in Wien, Aktionen w\u00e4hrend des \u00d6GB -Kongresses und am 19. Mai die n\u00e4chste \u00f6sterreichweite Konferenz.<\/p>\n<p><!--more--><\/p>\n<p align=\"center\"><strong> TROTZ KRISE: MATTER \u00d6GB-KONGRESS<\/strong><\/p>\n<p>Der Kongre\u00df der \u00f6sterreichischen Gewerkschaftsbunds (\u00d6GB) vom 22.-24.J\u00e4nner h\u00e4tte als Konsequenz der BAWAG-Krise  &#8211; selbst nach den Worten seines Pr\u00e4sidenten Rudolf Hundstorfer- eine &#8220; historische Weichenstellung &#8220; vornehmen sollen. Tat\u00e4chlich war er auf breiten Strecken ein b\u00fcrokratisches Ritual.<\/p>\n<p>Der \u00d6GB befindet sich schon seit langem &#8211; wie Gewerkschaften in vielen L\u00e4ndern &#8211; in einer tiefen Krise. Neoliberale Offensive , krampfhaftes Festhalten an der &#8220; Sozialpartnerschaft&#8220;, abgehobene -m\u00e4nnerdominierte &#8211; Entscheidungstsrukturen,  Nicht-Eingehen auf neue Fragestellungen ( Prekarisierung, atypische Besch\u00e4ftigungsverh\u00e4ltnisse,&#8230;), Nicht -\u00d6ffnen gegen\u00fcber sozialen Bewegungen ( Sozialforen,&#8230;) hat zu einem st\u00e4ndigen, mitunter galoppirenden  Erosionsproze\u00df gef\u00fchrt: konzeptuell und mitgliederm\u00e4\u00dfig. Der BAWAG-Skandal hat die Krisenfaktoren nur geb\u00fcndelt.<\/p>\n<p>Anstatt sich den tiefsitzenden Krisenfaktoren zu widmen , war  die \u00d6GB-F\u00fchrung bem\u00fcht , blo\u00df einige Minimalkorrekturen anzubringen :<\/p>\n<p>&#8211; Bestellung eines &#8222;neuen&#8220;, in Wirklichkeit weitgehend alten Vorstands<br \/>\n&#8211; Verabschiedung eines blassen &#8220; Politischen Grundsatzprogramms &#8220;<br \/>\n&#8211; ein neues Organisationsmodell mit der &#8220; Teilrechtsf\u00e4higkeit &#8220; der Einzelgewerkschaften, die den<br \/>\npartikularen Abnabelungstendenzen T\u00fcr und Tor \u00f6ffnet<\/p>\n<p>Ziel war es , diese Punkte so rasch als m\u00f6glich und ohne gro\u00dfe Debatte durchzuwinken. Es gab daher von &#8220; offizieller &#8220; Seite kaum Diskussionsbeitr\u00e4ge. Selbst in der internen  Fraktionssitzung der sozialdemokratischen GewerkschafterInnen , die einige hunderte Delegierte stellten, meldeten sich ganze drei (! ) Personen zu Wort.<\/p>\n<p>Die kleine Gewerkschaftlinke hatte demzufolge viel Raum, ihre Statements erzielten starken Applaus und wurden in den Medien breit zitiert &#8211; die realen Auswirkungen waren jedoch minimal.<\/p>\n<p>ZUK\u00dcFTIGE AUFGABEN DER GEWERKSCHAFTLINKEN<\/p>\n<p>Die \u00f6sterreichische Gewerkschaftlinke ist schwach und zersplittert. Umso notwendiger ist es &#8211; wie auf diesem \u00d6GB-Kongre\u00df- zumindest in einigen Kernfragen zu kooperieren und nicht blo\u00df den eigenen &#8222;Schrebergarten&#8220; zu beackern. Ein Versuch in diese Richtung zu gehen, ist die &#8220; \u00dcBERFRAKTIONELLE INITIATIVE f\u00fcr einen k\u00e4mpferischen und demokratischen \u00d6GB&#8220;. Sie organisierte im Vorfeld des Gewerkschaftskogresses eine &#8220; Alternative GewekschafterInnenkonferenz&#8220; und war auf dem Kongre\u00df mit mehreren RednerInnen bzw. einem Flyer, der starken Zuspruch fand, pr\u00e4sent.<br \/>\nF\u00fcr Samstag den 19.Mai wird von ihr gemeinsam mit anderen Gruppierungen die 2.Alternative GewerkschafterInnenkonfernz organisiert- diesmal auch mit internationaler Beteiligung. Man\/ frau kann gespannt sein, wieweit die Gewerkschaftslinke die &#8220; Zeichen der Zeit &#8220; und die Unerl\u00e4\u00dflichkeit eines gemeinsamen Handelns begreift.<\/p>\n<p>Hermann Dworczak<\/p>\n","protected":false},"excerpt":{"rendered":"<p>Wie beim 3. ASF in Graz anl\u00e4sslich der Abendiskussion \u00fcber die Krise des \u00d6GB beschlossen, gab es bereits eine gemeinsame Konferenz in Wien, Aktionen w\u00e4hrend des \u00d6GB -Kongresses und am 19. Mai die n\u00e4chste \u00f6sterreichweite Konferenz.<\/p>\n","protected":false},"author":1,"featured_media":0,"comment_status":"open","ping_status":"open","sticky":false,"template":"","format":"standard","meta":{"footnotes":""},"categories":[1],"tags":[],"class_list":["post-110","post","type-post","status-publish","format-standard","hentry","category-allgemein"],"_links":{"self":[{"href":"https:\/\/www.friedensplattform.at\/index.php?rest_route=\/wp\/v2\/posts\/110","targetHints":{"allow":["GET"]}}],"collection":[{"href":"https:\/\/www.friedensplattform.at\/index.php?rest_route=\/wp\/v2\/posts"}],"about":[{"href":"https:\/\/www.friedensplattform.at\/index.php?rest_route=\/wp\/v2\/types\/post"}],"author":[{"embeddable":true,"href":"https:\/\/www.friedensplattform.at\/index.php?rest_route=\/wp\/v2\/users\/1"}],"replies":[{"embeddable":true,"href":"https:\/\/www.friedensplattform.at\/index.php?rest_route=%2Fwp%2Fv2%2Fcomments&post=110"}],"version-history":[{"count":0,"href":"https:\/\/www.friedensplattform.at\/index.php?rest_route=\/wp\/v2\/posts\/110\/revisions"}],"wp:attachment":[{"href":"https:\/\/www.friedensplattform.at\/index.php?rest_route=%2Fwp%2Fv2%2Fmedia&parent=110"}],"wp:term":[{"taxonomy":"category","embeddable":true,"href":"https:\/\/www.friedensplattform.at\/index.php?rest_route=%2Fwp%2Fv2%2Fcategories&post=110"},{"taxonomy":"post_tag","embeddable":true,"href":"https:\/\/www.friedensplattform.at\/index.php?rest_route=%2Fwp%2Fv2%2Ftags&post=110"}],"curies":[{"name":"wp","href":"https:\/\/api.w.org\/{rel}","templated":true}]}}