{"id":1122,"date":"2010-02-24T21:26:45","date_gmt":"2010-02-24T19:26:45","guid":{"rendered":"http:\/\/www.luxorbis.org\/friedensplattform.at\/?p=1122"},"modified":"2010-02-24T21:26:45","modified_gmt":"2010-02-24T19:26:45","slug":"afghanistan-krieg-fuer-demokratie-und-menschrechte","status":"publish","type":"post","link":"https:\/\/www.friedensplattform.at\/?p=1122","title":{"rendered":"Afghanistan: Krieg f&#252;r Demokratie und Menschrechte?"},"content":{"rendered":"<p>Vortrag und Diskussion<\/p>\n<p>Krieg f\u00fcr Demokratie und Menschrechte?<\/p>\n<p>Die Interessen der westlichen Gro\u00dfm\u00e4chte in Afghanistan<\/p>\n<p>Vortrag und Diskussion mit Peter Strutynski (Politikwissenschaftler, Universit\u00e4t Kassel; Sprecher des Bundesausschusses Friedensratschlag)<\/p>\n<p>GRAZ: Mittwoch, 14. April 2010, 19 Uhr<br \/>\n<span style=\"color: #000000;\">Verein ISOP, Dreihackengasse 2, 8020 Graz<\/span><\/p>\n<p>Als &#8222;Krieg der kollektiven Selbstverteidigung&#8220; gegen Al Kaida im Oktober 2001 begonnen, erfuhr der Afghanistankrieg seither eine Reihe von Rechtfertigungen: Vom Krieg gegen den Terror \u00fcber die Befreiung der Afghanen von Taliban und Burka bis zur Etablierung von Demokratie und Menschenrechten reichen die Begr\u00fcndungen der westlichen Milit\u00e4rm\u00e4chte.<\/p>\n<p>Die Bilanz dieser Anstrengungen: Die Kriegsallianz st\u00fctzt einen korrupten und mittlerweile der Wahlf\u00e4lschung \u00fcberf\u00fchrten Pr\u00e4sidenten, der als B\u00fcrgermeister von Kabul agiert, w\u00e4hrend der Rest des Landes von Taliban und Warlords beherrscht wird. Die westliche Allianz z\u00e4hlt seit 2001 1.547 tote Soldaten; die afghanischen Opfer wurden vom britischen \u201eGuardian\u201c auf 20.000 bis 50.000 Tote gesch\u00e4tzt &#8211; allein bis Mai 2002. Seither fordert der Krieg Jahr f\u00fcr Jahr unz\u00e4hlige weitere Tote und Verst\u00fcmmelte. W\u00e4hrend der gro\u00df angek\u00fcndigte zivile Wiederaufbau nicht vorankommt, verordnen die Westm\u00e4chte dem Land eine radikal neoliberale Wirtschaftsstrategie, die Armut und Arbeitslosigkeit versch\u00e4rft und den Krieg weiter anheizt.<\/p>\n<p>Trotz dieser verheerenden Bilanz hat Friedensnobelpreistr\u00e4ger Obama vergangenen Herbst eine Aufstockung des US-amerikanischen und EU-europ\u00e4ischen Kontingents um 30.000 Soldaten durchgesetzt &#8211; unter bereitwilliger Akzeptanz der EU-Eliten. Dabei stehen bereits jetzt im Land am Hindukusch 120.000 NATO-SoldatInnen, mehr als die Sowjetunion 1989, am Ende ihrer zehnj\u00e4hrigen Besatzung, hatte.<\/p>\n<p>Peter Strutynski, Politikwissenschafter und Friedensforscher aus Kassel, beschreibt die Hintergr\u00fcnde und Ziele des westlichen milit\u00e4rischen Engagements in Afghanistan und thematisiert M\u00f6glichkeiten des Widerstands gegen diesen Krieg an.<\/p>\n<p>Eine von der Werkstatt Frieden &amp; Solidarit\u00e4t organisierte Veranstaltungsreise<\/p>\n","protected":false},"excerpt":{"rendered":"<p>Vortrag und Diskussion Krieg f\u00fcr Demokratie und Menschrechte? Die Interessen der westlichen Gro\u00dfm\u00e4chte in Afghanistan Vortrag und Diskussion mit Peter Strutynski (Politikwissenschaftler, Universit\u00e4t Kassel; Sprecher des Bundesausschusses Friedensratschlag) GRAZ: Mittwoch, 14. April 2010, 19 Uhr Verein ISOP, Dreihackengasse 2, 8020 Graz Als &#8222;Krieg der kollektiven Selbstverteidigung&#8220; gegen Al Kaida im Oktober 2001 begonnen, erfuhr der &hellip; <a href=\"https:\/\/www.friedensplattform.at\/?p=1122\" class=\"more-link\"><span class=\"screen-reader-text\">Afghanistan: Krieg f&#252;r Demokratie und Menschrechte?<\/span> weiterlesen <span class=\"meta-nav\">&rarr;<\/span><\/a><\/p>\n","protected":false},"author":1,"featured_media":0,"comment_status":"open","ping_status":"open","sticky":false,"template":"","format":"standard","meta":{"footnotes":""},"categories":[19],"tags":[],"class_list":["post-1122","post","type-post","status-publish","format-standard","hentry","category-termine"],"_links":{"self":[{"href":"https:\/\/www.friedensplattform.at\/index.php?rest_route=\/wp\/v2\/posts\/1122","targetHints":{"allow":["GET"]}}],"collection":[{"href":"https:\/\/www.friedensplattform.at\/index.php?rest_route=\/wp\/v2\/posts"}],"about":[{"href":"https:\/\/www.friedensplattform.at\/index.php?rest_route=\/wp\/v2\/types\/post"}],"author":[{"embeddable":true,"href":"https:\/\/www.friedensplattform.at\/index.php?rest_route=\/wp\/v2\/users\/1"}],"replies":[{"embeddable":true,"href":"https:\/\/www.friedensplattform.at\/index.php?rest_route=%2Fwp%2Fv2%2Fcomments&post=1122"}],"version-history":[{"count":0,"href":"https:\/\/www.friedensplattform.at\/index.php?rest_route=\/wp\/v2\/posts\/1122\/revisions"}],"wp:attachment":[{"href":"https:\/\/www.friedensplattform.at\/index.php?rest_route=%2Fwp%2Fv2%2Fmedia&parent=1122"}],"wp:term":[{"taxonomy":"category","embeddable":true,"href":"https:\/\/www.friedensplattform.at\/index.php?rest_route=%2Fwp%2Fv2%2Fcategories&post=1122"},{"taxonomy":"post_tag","embeddable":true,"href":"https:\/\/www.friedensplattform.at\/index.php?rest_route=%2Fwp%2Fv2%2Ftags&post=1122"}],"curies":[{"name":"wp","href":"https:\/\/api.w.org\/{rel}","templated":true}]}}