{"id":1160,"date":"2010-03-16T08:21:45","date_gmt":"2010-03-16T06:21:45","guid":{"rendered":"http:\/\/www.luxorbis.org\/friedensplattform.at\/?p=1160"},"modified":"2010-03-16T08:21:45","modified_gmt":"2010-03-16T06:21:45","slug":"artikel-in-der-jungen-welt-waffen-fuer-die-welt","status":"publish","type":"post","link":"https:\/\/www.friedensplattform.at\/?p=1160","title":{"rendered":"Artikel in der jungen Welt: Waffen f&#252;r die Welt"},"content":{"rendered":"<p>Deutsche Milit\u00e4rg\u00fcter sind Exportschlager: BRD hat laut Friedensforschungsinstitut SIPRI R\u00fcstungsexporte seit 2005 mehr als verdoppelt<\/p>\n<p><em>Von Paul Grasse und Carsten Albrecht<\/em><\/p>\n<p><a title=\"junge Welt\" href=\"http:\/\/www.jungewelt.de\/2010\/03-16\/047.php\" target=\"_blank\">Weiterlesen auf den Seiten der jungen Welt<\/a><\/p>\n","protected":false},"excerpt":{"rendered":"<p>Deutsche Milit\u00e4rg\u00fcter sind Exportschlager: BRD hat laut Friedensforschungsinstitut SIPRI R\u00fcstungsexporte seit 2005 mehr als verdoppelt Von Paul Grasse und Carsten Albrecht Weiterlesen auf den Seiten der jungen Welt<\/p>\n","protected":false},"author":1,"featured_media":0,"comment_status":"open","ping_status":"open","sticky":false,"template":"","format":"standard","meta":{"footnotes":""},"categories":[1],"tags":[],"class_list":["post-1160","post","type-post","status-publish","format-standard","hentry","category-allgemein"],"_links":{"self":[{"href":"https:\/\/www.friedensplattform.at\/index.php?rest_route=\/wp\/v2\/posts\/1160","targetHints":{"allow":["GET"]}}],"collection":[{"href":"https:\/\/www.friedensplattform.at\/index.php?rest_route=\/wp\/v2\/posts"}],"about":[{"href":"https:\/\/www.friedensplattform.at\/index.php?rest_route=\/wp\/v2\/types\/post"}],"author":[{"embeddable":true,"href":"https:\/\/www.friedensplattform.at\/index.php?rest_route=\/wp\/v2\/users\/1"}],"replies":[{"embeddable":true,"href":"https:\/\/www.friedensplattform.at\/index.php?rest_route=%2Fwp%2Fv2%2Fcomments&post=1160"}],"version-history":[{"count":0,"href":"https:\/\/www.friedensplattform.at\/index.php?rest_route=\/wp\/v2\/posts\/1160\/revisions"}],"wp:attachment":[{"href":"https:\/\/www.friedensplattform.at\/index.php?rest_route=%2Fwp%2Fv2%2Fmedia&parent=1160"}],"wp:term":[{"taxonomy":"category","embeddable":true,"href":"https:\/\/www.friedensplattform.at\/index.php?rest_route=%2Fwp%2Fv2%2Fcategories&post=1160"},{"taxonomy":"post_tag","embeddable":true,"href":"https:\/\/www.friedensplattform.at\/index.php?rest_route=%2Fwp%2Fv2%2Ftags&post=1160"}],"curies":[{"name":"wp","href":"https:\/\/api.w.org\/{rel}","templated":true}]}}