{"id":1162,"date":"2010-03-21T12:36:30","date_gmt":"2010-03-21T10:36:30","guid":{"rendered":"http:\/\/www.luxorbis.org\/friedensplattform.at\/?p=1162"},"modified":"2010-03-21T12:36:30","modified_gmt":"2010-03-21T10:36:30","slug":"artikel-der-fr-online-tag-des-zorns-in-jerusalem","status":"publish","type":"post","link":"https:\/\/www.friedensplattform.at\/?p=1162","title":{"rendered":"Artikel der fr-online: &quot;Tag des Zorns&quot; in Jerusalem"},"content":{"rendered":"<p>Stra\u00dfenk\u00e4mpfe und viele Verletzte<\/p>\n<p>Jerusalem. Der Nahe Osten wird erneut zum Schauplatz der Gewalt: An einem von der radikal-islamischen Hamas ausgerufenen &#8222;Tag des Zorns&#8220; ist es in Jerusalem und im Westjordanland zu schweren Unruhen gekommen. Bei Stra\u00dfenk\u00e4mpfen mit der israelischen Polizei wurden am Dienstag nach Angaben pal\u00e4stinensischer Sanit\u00e4ter etwa 100 Pal\u00e4stinenser verletzt. Gut 60 Pal\u00e4stinenser wurden nach Polizeiangaben festgenommen. 14 israelische Polizisten erlitten Verletzungen. Auch im Gazastreifen gingen aus Protest gegen die Lage in Jerusalem Tausende von Pal\u00e4stinensern auf die Stra\u00dfe.<\/p>\n<p><a title=\"fr-online.de\" href=\"http:\/\/www.fr-online.de\/in_und_ausland\/politik\/aktuell\/2431432_Tag-des-Zorns-in-Jerusalem-Strassenkaempfe-und-viele-Verletzte.html\" target=\"_blank\">Weiterlesen auf den Seiten der Frankfurter Rundschau<\/a><\/p>\n","protected":false},"excerpt":{"rendered":"<p>Stra\u00dfenk\u00e4mpfe und viele Verletzte Jerusalem. Der Nahe Osten wird erneut zum Schauplatz der Gewalt: An einem von der radikal-islamischen Hamas ausgerufenen &#8222;Tag des Zorns&#8220; ist es in Jerusalem und im Westjordanland zu schweren Unruhen gekommen. Bei Stra\u00dfenk\u00e4mpfen mit der israelischen Polizei wurden am Dienstag nach Angaben pal\u00e4stinensischer Sanit\u00e4ter etwa 100 Pal\u00e4stinenser verletzt. Gut 60 Pal\u00e4stinenser &hellip; <a href=\"https:\/\/www.friedensplattform.at\/?p=1162\" class=\"more-link\"><span class=\"screen-reader-text\">Artikel der fr-online: &quot;Tag des Zorns&quot; in Jerusalem<\/span> weiterlesen <span class=\"meta-nav\">&rarr;<\/span><\/a><\/p>\n","protected":false},"author":1,"featured_media":0,"comment_status":"open","ping_status":"open","sticky":false,"template":"","format":"standard","meta":{"footnotes":""},"categories":[5],"tags":[],"class_list":["post-1162","post","type-post","status-publish","format-standard","hentry","category-arabischer-raum"],"_links":{"self":[{"href":"https:\/\/www.friedensplattform.at\/index.php?rest_route=\/wp\/v2\/posts\/1162","targetHints":{"allow":["GET"]}}],"collection":[{"href":"https:\/\/www.friedensplattform.at\/index.php?rest_route=\/wp\/v2\/posts"}],"about":[{"href":"https:\/\/www.friedensplattform.at\/index.php?rest_route=\/wp\/v2\/types\/post"}],"author":[{"embeddable":true,"href":"https:\/\/www.friedensplattform.at\/index.php?rest_route=\/wp\/v2\/users\/1"}],"replies":[{"embeddable":true,"href":"https:\/\/www.friedensplattform.at\/index.php?rest_route=%2Fwp%2Fv2%2Fcomments&post=1162"}],"version-history":[{"count":0,"href":"https:\/\/www.friedensplattform.at\/index.php?rest_route=\/wp\/v2\/posts\/1162\/revisions"}],"wp:attachment":[{"href":"https:\/\/www.friedensplattform.at\/index.php?rest_route=%2Fwp%2Fv2%2Fmedia&parent=1162"}],"wp:term":[{"taxonomy":"category","embeddable":true,"href":"https:\/\/www.friedensplattform.at\/index.php?rest_route=%2Fwp%2Fv2%2Fcategories&post=1162"},{"taxonomy":"post_tag","embeddable":true,"href":"https:\/\/www.friedensplattform.at\/index.php?rest_route=%2Fwp%2Fv2%2Ftags&post=1162"}],"curies":[{"name":"wp","href":"https:\/\/api.w.org\/{rel}","templated":true}]}}