{"id":1166,"date":"2010-04-12T22:00:20","date_gmt":"2010-04-12T20:00:20","guid":{"rendered":"http:\/\/www.luxorbis.org\/friedensplattform.at\/?p=1166"},"modified":"2010-04-12T22:00:20","modified_gmt":"2010-04-12T20:00:20","slug":"veranstaltung-krieg-fuer-demokratie-und-menschrechte","status":"publish","type":"post","link":"https:\/\/www.friedensplattform.at\/?p=1166","title":{"rendered":"Veranstaltung zu Afghanistan: Krieg f&#252;r Demokratie und Menschenrechte?"},"content":{"rendered":"<p>Die Interessen der westlichen Gro\u00dfm\u00e4chte in Afghanistan<\/p>\n<p><span style=\"color: #ff0000;\"><span style=\"text-decoration: underline;\">Zeit:<\/span><\/span> Mittwoch,14. April 2010, 19 Uhr<\/p>\n<p><span style=\"color: #ff0000;\"><span style=\"text-decoration: underline;\">Ort:<\/span> <\/span><span style=\"color: #000000;\">Verein ISOP, Dreihackengasse 2, 8020 Graz<br \/>\n<\/span><!--more--><br \/>\n<span style=\"color: #ff0000;\"><span style=\"text-decoration: underline;\">Kurzbeschreibung:<br \/>\n<\/span><\/span><br \/>\nKrieg f\u00fcr Demokratie und Menschrechte?<br \/>\nDie Interessen der westlichen Gro\u00dfm\u00e4chte in Afghanistan<br \/>\nVortrag und Diskussion mit Peter Strutynski (Politikwissenschaftler, Universit\u00e4t Kassel; Sprecher des Bundesausschusses Friedensratschlag)<br \/>\n<a href=\"http:\/\/www.uni-kassel.de\/fb5\/frieden\">http:\/\/www.uni-kassel.de\/fb5\/frieden<\/a><\/p>\n<p>Peter Strutynski beschreibt die Hintergr\u00fcnde und Ziele des westlichen milit\u00e4rischen Engagements in Afghanistan und thematisiert M\u00f6glichkeiten des Widerstands gegen diesen Krieg.<\/p>\n<p><span style=\"color: #ff0000;\"><span style=\"text-decoration: underline;\">Veranstalter:<br \/>\n<\/span><\/span>Steirische Friedensplattform<br \/>\n<a href=\"http:\/\/www.friedensplattform.at\/\" target=\"_blank\">www.friedensplattform.at<\/a><\/p>\n<p><span style=\"color: #ff0000;\"><span style=\"text-decoration: underline;\">Kooperationspartner:<br \/>\n<\/span><\/span>Werkstatt Frieden &amp; Solidarit\u00e4t Linz<br \/>\n<a href=\"http:\/\/www.werkstatt.or.at\/\"><span style=\"color: #810081;\">http:\/\/www.werkstatt.or.at\/<\/span><\/a><br \/>\nFriedensb\u00fcro Graz<br \/>\nVerein ISOP<br \/>\nGr\u00fcne Akademie<br \/>\n<a title=\"KP\u00d6 Bildungsverein\" href=\"http:\/\/bildungsverein.kpoe-steiermark.at\/\" target=\"_blank\">KP\u00d6 Bildungsverein<\/a><\/p>\n","protected":false},"excerpt":{"rendered":"<p>Die Interessen der westlichen Gro\u00dfm\u00e4chte in Afghanistan Zeit: Mittwoch,14. April 2010, 19 Uhr Ort: Verein ISOP, Dreihackengasse 2, 8020 Graz<\/p>\n","protected":false},"author":1,"featured_media":0,"comment_status":"open","ping_status":"open","sticky":false,"template":"","format":"standard","meta":{"footnotes":""},"categories":[1],"tags":[],"class_list":["post-1166","post","type-post","status-publish","format-standard","hentry","category-allgemein"],"_links":{"self":[{"href":"https:\/\/www.friedensplattform.at\/index.php?rest_route=\/wp\/v2\/posts\/1166","targetHints":{"allow":["GET"]}}],"collection":[{"href":"https:\/\/www.friedensplattform.at\/index.php?rest_route=\/wp\/v2\/posts"}],"about":[{"href":"https:\/\/www.friedensplattform.at\/index.php?rest_route=\/wp\/v2\/types\/post"}],"author":[{"embeddable":true,"href":"https:\/\/www.friedensplattform.at\/index.php?rest_route=\/wp\/v2\/users\/1"}],"replies":[{"embeddable":true,"href":"https:\/\/www.friedensplattform.at\/index.php?rest_route=%2Fwp%2Fv2%2Fcomments&post=1166"}],"version-history":[{"count":0,"href":"https:\/\/www.friedensplattform.at\/index.php?rest_route=\/wp\/v2\/posts\/1166\/revisions"}],"wp:attachment":[{"href":"https:\/\/www.friedensplattform.at\/index.php?rest_route=%2Fwp%2Fv2%2Fmedia&parent=1166"}],"wp:term":[{"taxonomy":"category","embeddable":true,"href":"https:\/\/www.friedensplattform.at\/index.php?rest_route=%2Fwp%2Fv2%2Fcategories&post=1166"},{"taxonomy":"post_tag","embeddable":true,"href":"https:\/\/www.friedensplattform.at\/index.php?rest_route=%2Fwp%2Fv2%2Ftags&post=1166"}],"curies":[{"name":"wp","href":"https:\/\/api.w.org\/{rel}","templated":true}]}}