{"id":1191,"date":"2010-03-30T21:32:15","date_gmt":"2010-03-30T19:32:15","guid":{"rendered":"http:\/\/www.luxorbis.org\/friedensplattform.at\/?p=1191"},"modified":"2010-03-30T21:32:15","modified_gmt":"2010-03-30T19:32:15","slug":"artikel-in-der-jungen-welt-stop-the-bomb","status":"publish","type":"post","link":"https:\/\/www.friedensplattform.at\/?p=1191","title":{"rendered":"Artikel in der jungen Welt: Stop the bomb"},"content":{"rendered":"<p><em>Von R\u00fcdiger G\u00f6bel<\/em><\/p>\n<p>Friedensaktivisten in ganz Europa ziehen am kommenden Wochenende vor NATO-St\u00fctzpunkte. Sie fordern den Abzug der dort gelagerten Atomwaffen, schlu\u00dfendlich deren Zerst\u00f6rung. Bisher sind f\u00fcr den 3.April Aktionen in den Niederlanden, in Belgien, Gro\u00dfbritannien, Italien, Frankreich und in der T\u00fcrkei geplant. In Deutschland beginnt tags darauf im Rahmen der Osterm\u00e4rsche um \u00bbf\u00fcnf vor zw\u00f6lf\u00ab eine Demonstration zum \u00bbFliegerhorst B\u00fcchel\u00ab, wo Atombomben der US-Armee einsatzbereit lagern. Darauf machte die Friedensgruppe DFG-VK am Montag aufmerksam.<\/p>\n<p><a title=\"jungeWelt\" href=\"http:\/\/www.jungewelt.de\/2010\/03-30\/057.php\" target=\"_blank\">Weiterlesen auf den Seiten der jungen Welt<\/a><\/p>\n","protected":false},"excerpt":{"rendered":"<p>Von R\u00fcdiger G\u00f6bel Friedensaktivisten in ganz Europa ziehen am kommenden Wochenende vor NATO-St\u00fctzpunkte. Sie fordern den Abzug der dort gelagerten Atomwaffen, schlu\u00dfendlich deren Zerst\u00f6rung. Bisher sind f\u00fcr den 3.April Aktionen in den Niederlanden, in Belgien, Gro\u00dfbritannien, Italien, Frankreich und in der T\u00fcrkei geplant. In Deutschland beginnt tags darauf im Rahmen der Osterm\u00e4rsche um \u00bbf\u00fcnf vor &hellip; <a href=\"https:\/\/www.friedensplattform.at\/?p=1191\" class=\"more-link\"><span class=\"screen-reader-text\">Artikel in der jungen Welt: Stop the bomb<\/span> weiterlesen <span class=\"meta-nav\">&rarr;<\/span><\/a><\/p>\n","protected":false},"author":1,"featured_media":0,"comment_status":"open","ping_status":"open","sticky":false,"template":"","format":"standard","meta":{"footnotes":""},"categories":[1],"tags":[],"class_list":["post-1191","post","type-post","status-publish","format-standard","hentry","category-allgemein"],"_links":{"self":[{"href":"https:\/\/www.friedensplattform.at\/index.php?rest_route=\/wp\/v2\/posts\/1191","targetHints":{"allow":["GET"]}}],"collection":[{"href":"https:\/\/www.friedensplattform.at\/index.php?rest_route=\/wp\/v2\/posts"}],"about":[{"href":"https:\/\/www.friedensplattform.at\/index.php?rest_route=\/wp\/v2\/types\/post"}],"author":[{"embeddable":true,"href":"https:\/\/www.friedensplattform.at\/index.php?rest_route=\/wp\/v2\/users\/1"}],"replies":[{"embeddable":true,"href":"https:\/\/www.friedensplattform.at\/index.php?rest_route=%2Fwp%2Fv2%2Fcomments&post=1191"}],"version-history":[{"count":0,"href":"https:\/\/www.friedensplattform.at\/index.php?rest_route=\/wp\/v2\/posts\/1191\/revisions"}],"wp:attachment":[{"href":"https:\/\/www.friedensplattform.at\/index.php?rest_route=%2Fwp%2Fv2%2Fmedia&parent=1191"}],"wp:term":[{"taxonomy":"category","embeddable":true,"href":"https:\/\/www.friedensplattform.at\/index.php?rest_route=%2Fwp%2Fv2%2Fcategories&post=1191"},{"taxonomy":"post_tag","embeddable":true,"href":"https:\/\/www.friedensplattform.at\/index.php?rest_route=%2Fwp%2Fv2%2Ftags&post=1191"}],"curies":[{"name":"wp","href":"https:\/\/api.w.org\/{rel}","templated":true}]}}