{"id":1198,"date":"2010-04-10T19:20:04","date_gmt":"2010-04-10T17:20:04","guid":{"rendered":"http:\/\/www.luxorbis.org\/friedensplattform.at\/?p=1198"},"modified":"2010-04-10T19:20:04","modified_gmt":"2010-04-10T17:20:04","slug":"artikel-im-standard-kasachstan-nuklearer-horror-in-der-steppe","status":"publish","type":"post","link":"https:\/\/www.friedensplattform.at\/?p=1198","title":{"rendered":"Artikel im Standard: Kasachstan: Nuklearer Horror in der Steppe"},"content":{"rendered":"<p>Die Schrecken der Atombombe sind auf dem ehemaligen Nukleartestgel\u00e4nde der Sowjetunion allgegenw\u00e4rtig<\/p>\n<p>Auch fast 20 Jahre nach dem Ende der Atomtests leidet die Bev\u00f6lkerung an den Folgen.<\/p>\n<p><a title=\"derStandard\" href=\"http:\/\/derstandard.at\/1269449301273\/Reportage-Kasachstan-Nuklearer-Horror-in-der-Steppe\" target=\"_blank\">Weiterlesen auf www.derstandard.at<\/a><\/p>\n","protected":false},"excerpt":{"rendered":"<p>Die Schrecken der Atombombe sind auf dem ehemaligen Nukleartestgel\u00e4nde der Sowjetunion allgegenw\u00e4rtig Auch fast 20 Jahre nach dem Ende der Atomtests leidet die Bev\u00f6lkerung an den Folgen. Weiterlesen auf www.derstandard.at<\/p>\n","protected":false},"author":1,"featured_media":0,"comment_status":"open","ping_status":"open","sticky":false,"template":"","format":"standard","meta":{"footnotes":""},"categories":[1],"tags":[],"class_list":["post-1198","post","type-post","status-publish","format-standard","hentry","category-allgemein"],"_links":{"self":[{"href":"https:\/\/www.friedensplattform.at\/index.php?rest_route=\/wp\/v2\/posts\/1198","targetHints":{"allow":["GET"]}}],"collection":[{"href":"https:\/\/www.friedensplattform.at\/index.php?rest_route=\/wp\/v2\/posts"}],"about":[{"href":"https:\/\/www.friedensplattform.at\/index.php?rest_route=\/wp\/v2\/types\/post"}],"author":[{"embeddable":true,"href":"https:\/\/www.friedensplattform.at\/index.php?rest_route=\/wp\/v2\/users\/1"}],"replies":[{"embeddable":true,"href":"https:\/\/www.friedensplattform.at\/index.php?rest_route=%2Fwp%2Fv2%2Fcomments&post=1198"}],"version-history":[{"count":0,"href":"https:\/\/www.friedensplattform.at\/index.php?rest_route=\/wp\/v2\/posts\/1198\/revisions"}],"wp:attachment":[{"href":"https:\/\/www.friedensplattform.at\/index.php?rest_route=%2Fwp%2Fv2%2Fmedia&parent=1198"}],"wp:term":[{"taxonomy":"category","embeddable":true,"href":"https:\/\/www.friedensplattform.at\/index.php?rest_route=%2Fwp%2Fv2%2Fcategories&post=1198"},{"taxonomy":"post_tag","embeddable":true,"href":"https:\/\/www.friedensplattform.at\/index.php?rest_route=%2Fwp%2Fv2%2Ftags&post=1198"}],"curies":[{"name":"wp","href":"https:\/\/api.w.org\/{rel}","templated":true}]}}