{"id":120,"date":"2007-03-25T18:15:41","date_gmt":"2007-03-25T16:15:41","guid":{"rendered":"http:\/\/www.luxorbis.org\/friedensplattform.at\/?p=120"},"modified":"2007-03-25T18:15:41","modified_gmt":"2007-03-25T16:15:41","slug":"freitag-6-april-2007-4-uhr-morgens-angriff-auf-iran","status":"publish","type":"post","link":"https:\/\/www.friedensplattform.at\/?p=120","title":{"rendered":"Freitag, 6. April 2007, 4 Uhr morgens: Angriff auf Iran?"},"content":{"rendered":"<p>Ein Beitrag von der AG Friedensforschung auf der <a title=\"Uni Kassel\" target=\"_blank\" href=\"http:\/\/www.uni-kassel.de\/fb5\/frieden\/\">Uni Kassel<\/a>:<br \/>\nDie Milit\u00e4raktion der USA gegen Iran wird in der ersten Aprilwoche, knapp vor dem diesj\u00e4hrigen Ostern, wahrscheinlich schon am Freitag, dem 6. April, stattfinden, der in den moslemischen L\u00e4ndern ein arbeitsfreier Tag ist, schreibt die russische Wochenzeitung &#8222;Argumenty Nedeli&#8220; unter Berufung auf russische Milit\u00e4rexperten.<br \/>\n<!--more--><br \/>\nDie Attacke solle 12 Stunden lang, von vier Uhr morgens bis 16 Uhr (Ortszeit), dauern. Bei der Operation, die die Kodebezeichnung &#8222;Bite&#8220; (Biss) bekommen hat, werden rund 20 Objekte angegriffen, u. a. Urananreicherungszentrifugen sowie Forschungszentren und -labors, so das Blatt. Der erste Reaktorblock in Bushehr, an dem russische Fachleute bauen, solle dabei verschont bleiben. Es sollen das Luftabwehrsystem bek\u00e4mpft, mehrere iranische Kriegsschiffe im Persischen Golf versenkt und die wichtigsten F\u00fchrungsstellen der iranischen Streitkr\u00e4fte vernichtet werden.<br \/>\nDie Schl\u00e4ge sollen u. a. von der im Indischen Ozean gelegenen Insel Diego Garcia aus gef\u00fchrt werden: Von dort sollen B-52-Bombenflugzeuge mit Fl\u00fcgelraketen starten. Dar\u00fcber hinaus sollen sich die Fliegerkr\u00e4fte von den Flugzeugtr\u00e4gern an dem Angriff beteiligen, die sich derzeit im Persischen Golf befinden bzw. zur im Mittelmeer stationierten 6. US-Flotte geh\u00f6ren. Weitere Fl\u00fcgelraketen sollen von U-Booten abgeschossen werden, die im Stillen Ozean und vor der K\u00fcste der Arabischen Halbinsel kreuzen.<br \/>\nAus einer Meldung der Russischen Nachrichtenagentur Ria Novosti, 19. M\u00e4rz 2007<\/p>\n","protected":false},"excerpt":{"rendered":"<p>Ein Beitrag von der AG Friedensforschung auf der Uni Kassel: Die Milit\u00e4raktion der USA gegen Iran wird in der ersten Aprilwoche, knapp vor dem diesj\u00e4hrigen Ostern, wahrscheinlich schon am Freitag, dem 6. April, stattfinden, der in den moslemischen L\u00e4ndern ein arbeitsfreier Tag ist, schreibt die russische Wochenzeitung &#8222;Argumenty Nedeli&#8220; unter Berufung auf russische Milit\u00e4rexperten.<\/p>\n","protected":false},"author":1,"featured_media":0,"comment_status":"open","ping_status":"open","sticky":false,"template":"","format":"standard","meta":{"footnotes":""},"categories":[1],"tags":[],"class_list":["post-120","post","type-post","status-publish","format-standard","hentry","category-allgemein"],"_links":{"self":[{"href":"https:\/\/www.friedensplattform.at\/index.php?rest_route=\/wp\/v2\/posts\/120","targetHints":{"allow":["GET"]}}],"collection":[{"href":"https:\/\/www.friedensplattform.at\/index.php?rest_route=\/wp\/v2\/posts"}],"about":[{"href":"https:\/\/www.friedensplattform.at\/index.php?rest_route=\/wp\/v2\/types\/post"}],"author":[{"embeddable":true,"href":"https:\/\/www.friedensplattform.at\/index.php?rest_route=\/wp\/v2\/users\/1"}],"replies":[{"embeddable":true,"href":"https:\/\/www.friedensplattform.at\/index.php?rest_route=%2Fwp%2Fv2%2Fcomments&post=120"}],"version-history":[{"count":0,"href":"https:\/\/www.friedensplattform.at\/index.php?rest_route=\/wp\/v2\/posts\/120\/revisions"}],"wp:attachment":[{"href":"https:\/\/www.friedensplattform.at\/index.php?rest_route=%2Fwp%2Fv2%2Fmedia&parent=120"}],"wp:term":[{"taxonomy":"category","embeddable":true,"href":"https:\/\/www.friedensplattform.at\/index.php?rest_route=%2Fwp%2Fv2%2Fcategories&post=120"},{"taxonomy":"post_tag","embeddable":true,"href":"https:\/\/www.friedensplattform.at\/index.php?rest_route=%2Fwp%2Fv2%2Ftags&post=120"}],"curies":[{"name":"wp","href":"https:\/\/api.w.org\/{rel}","templated":true}]}}