{"id":1205,"date":"2010-04-15T22:04:35","date_gmt":"2010-04-15T20:04:35","guid":{"rendered":"http:\/\/www.luxorbis.org\/friedensplattform.at\/?p=1205"},"modified":"2010-04-15T22:04:35","modified_gmt":"2010-04-15T20:04:35","slug":"www-ard-de-kommentar-zum-afghanistan-rueckzug","status":"publish","type":"post","link":"https:\/\/www.friedensplattform.at\/?p=1205","title":{"rendered":"www.ard.de: Kommentar zum Afghanistan-R&#252;ckzug"},"content":{"rendered":"<h3>&#8222;Sofort raus&#8220; ist kein vern\u00fcnftiges Konzept<\/h3>\n<p>Von Ulrike Bosse, ARD-H\u00f6rfunkstudio S\u00fcdasien<\/p>\n<p>Nie wieder Krieg! Mit diesem Leitsatz sind die Deutschen nach dem Zweiten Weltkrieg aufgewachsen. Nie wieder Krieg! Es gab gute Gr\u00fcnde f\u00fcr dieses &#8211; ja, Glaubensbekenntnis vieler Deutscher: Die deutsche Verantwortung f\u00fcr die beiden Weltkriege und das Wissen darum, dass Deutschland als Schlachtfeld endg\u00fcltig zerst\u00f6rt worden w\u00e4re, h\u00e4tte sich im Kalten Krieg der Superm\u00e4chte ein Funke entz\u00fcndet.<\/p>\n<p><a title=\"www.ard.de\" href=\"http:\/\/www.tagesschau.de\/kommentar\/afghanistanabzug102.html\" target=\"_blank\">Weiterlesen auf den Seiten des ARD<\/a><\/p>\n","protected":false},"excerpt":{"rendered":"<p>&#8222;Sofort raus&#8220; ist kein vern\u00fcnftiges Konzept Von Ulrike Bosse, ARD-H\u00f6rfunkstudio S\u00fcdasien Nie wieder Krieg! Mit diesem Leitsatz sind die Deutschen nach dem Zweiten Weltkrieg aufgewachsen. Nie wieder Krieg! Es gab gute Gr\u00fcnde f\u00fcr dieses &#8211; ja, Glaubensbekenntnis vieler Deutscher: Die deutsche Verantwortung f\u00fcr die beiden Weltkriege und das Wissen darum, dass Deutschland als Schlachtfeld endg\u00fcltig &hellip; <a href=\"https:\/\/www.friedensplattform.at\/?p=1205\" class=\"more-link\"><span class=\"screen-reader-text\">www.ard.de: Kommentar zum Afghanistan-R&#252;ckzug<\/span> weiterlesen <span class=\"meta-nav\">&rarr;<\/span><\/a><\/p>\n","protected":false},"author":1,"featured_media":0,"comment_status":"open","ping_status":"open","sticky":false,"template":"","format":"standard","meta":{"footnotes":""},"categories":[1],"tags":[],"class_list":["post-1205","post","type-post","status-publish","format-standard","hentry","category-allgemein"],"_links":{"self":[{"href":"https:\/\/www.friedensplattform.at\/index.php?rest_route=\/wp\/v2\/posts\/1205","targetHints":{"allow":["GET"]}}],"collection":[{"href":"https:\/\/www.friedensplattform.at\/index.php?rest_route=\/wp\/v2\/posts"}],"about":[{"href":"https:\/\/www.friedensplattform.at\/index.php?rest_route=\/wp\/v2\/types\/post"}],"author":[{"embeddable":true,"href":"https:\/\/www.friedensplattform.at\/index.php?rest_route=\/wp\/v2\/users\/1"}],"replies":[{"embeddable":true,"href":"https:\/\/www.friedensplattform.at\/index.php?rest_route=%2Fwp%2Fv2%2Fcomments&post=1205"}],"version-history":[{"count":0,"href":"https:\/\/www.friedensplattform.at\/index.php?rest_route=\/wp\/v2\/posts\/1205\/revisions"}],"wp:attachment":[{"href":"https:\/\/www.friedensplattform.at\/index.php?rest_route=%2Fwp%2Fv2%2Fmedia&parent=1205"}],"wp:term":[{"taxonomy":"category","embeddable":true,"href":"https:\/\/www.friedensplattform.at\/index.php?rest_route=%2Fwp%2Fv2%2Fcategories&post=1205"},{"taxonomy":"post_tag","embeddable":true,"href":"https:\/\/www.friedensplattform.at\/index.php?rest_route=%2Fwp%2Fv2%2Ftags&post=1205"}],"curies":[{"name":"wp","href":"https:\/\/api.w.org\/{rel}","templated":true}]}}