{"id":121,"date":"2007-03-28T18:50:59","date_gmt":"2007-03-28T16:50:59","guid":{"rendered":"http:\/\/www.luxorbis.org\/friedensplattform.at\/?p=121"},"modified":"2007-03-28T18:50:59","modified_gmt":"2007-03-28T16:50:59","slug":"us-flotte-probt-angriffe","status":"publish","type":"post","link":"https:\/\/www.friedensplattform.at\/?p=121","title":{"rendered":"US-Flotte probt Angriffe"},"content":{"rendered":"<p>Ein Artikel in der jungen Welt:<\/p>\n<p>Die US-Marine hat ihr gr\u00f6\u00dftes Man\u00f6ver im Persischen Golf seit Beginn des Irak-Kriegs vor vier Jahren begonnen. Das meldete am Dienstag die Nachrichtenagentur AP. Gleichzeitig drohte der britische Regierungschef Anthony Blair mit h\u00e4rteren Ma\u00dfnahmen, falls die am Freitag voriger Woche von iranischen Grenztruppen festgenommenen 15 britischen Marinesoldaten nicht schnellstens freigelassen werden.<\/p>\n<p><a title=\"Junge Welt US-Flotte probt Angriffe\" target=\"_blank\" href=\"http:\/\/www.jungewelt.de\/2007\/03-28\/062.php\">mehr in der jungen Welt<\/a><\/p>\n","protected":false},"excerpt":{"rendered":"<p>Ein Artikel in der jungen Welt: Die US-Marine hat ihr gr\u00f6\u00dftes Man\u00f6ver im Persischen Golf seit Beginn des Irak-Kriegs vor vier Jahren begonnen. Das meldete am Dienstag die Nachrichtenagentur AP. Gleichzeitig drohte der britische Regierungschef Anthony Blair mit h\u00e4rteren Ma\u00dfnahmen, falls die am Freitag voriger Woche von iranischen Grenztruppen festgenommenen 15 britischen Marinesoldaten nicht schnellstens &hellip; <a href=\"https:\/\/www.friedensplattform.at\/?p=121\" class=\"more-link\"><span class=\"screen-reader-text\">US-Flotte probt Angriffe<\/span> weiterlesen <span class=\"meta-nav\">&rarr;<\/span><\/a><\/p>\n","protected":false},"author":1,"featured_media":0,"comment_status":"open","ping_status":"open","sticky":false,"template":"","format":"standard","meta":{"footnotes":""},"categories":[1],"tags":[],"class_list":["post-121","post","type-post","status-publish","format-standard","hentry","category-allgemein"],"_links":{"self":[{"href":"https:\/\/www.friedensplattform.at\/index.php?rest_route=\/wp\/v2\/posts\/121","targetHints":{"allow":["GET"]}}],"collection":[{"href":"https:\/\/www.friedensplattform.at\/index.php?rest_route=\/wp\/v2\/posts"}],"about":[{"href":"https:\/\/www.friedensplattform.at\/index.php?rest_route=\/wp\/v2\/types\/post"}],"author":[{"embeddable":true,"href":"https:\/\/www.friedensplattform.at\/index.php?rest_route=\/wp\/v2\/users\/1"}],"replies":[{"embeddable":true,"href":"https:\/\/www.friedensplattform.at\/index.php?rest_route=%2Fwp%2Fv2%2Fcomments&post=121"}],"version-history":[{"count":0,"href":"https:\/\/www.friedensplattform.at\/index.php?rest_route=\/wp\/v2\/posts\/121\/revisions"}],"wp:attachment":[{"href":"https:\/\/www.friedensplattform.at\/index.php?rest_route=%2Fwp%2Fv2%2Fmedia&parent=121"}],"wp:term":[{"taxonomy":"category","embeddable":true,"href":"https:\/\/www.friedensplattform.at\/index.php?rest_route=%2Fwp%2Fv2%2Fcategories&post=121"},{"taxonomy":"post_tag","embeddable":true,"href":"https:\/\/www.friedensplattform.at\/index.php?rest_route=%2Fwp%2Fv2%2Ftags&post=121"}],"curies":[{"name":"wp","href":"https:\/\/api.w.org\/{rel}","templated":true}]}}