{"id":1215,"date":"2010-04-26T21:01:38","date_gmt":"2010-04-26T19:01:38","guid":{"rendered":"http:\/\/www.luxorbis.org\/friedensplattform.at\/?p=1215"},"modified":"2010-04-26T21:01:38","modified_gmt":"2010-04-26T19:01:38","slug":"artikel-auf-derfreitag-die-erfindung-des-juedischen-volkes-das-neue-buch-shlomo-sands","status":"publish","type":"post","link":"https:\/\/www.friedensplattform.at\/?p=1215","title":{"rendered":"Artikel auf derFreitag: Die Erfindung des j&#252;dischen Volkes. Das neue Buch Shlomo Sands."},"content":{"rendered":"<p>Auszug aus dem Sitzungsprotokoll der franz\u00f6sischen  Nationalversammlung vom 6. Juni 1936:<\/p>\n<p><em><strong>M. Xavier Vallat<\/strong>: Ihre Machterlangung, Herr  Ministerpr\u00e4sident, stellt unbestreitbar ein historisches Datum dar. Zum  ersten Mal wird unser altes gallo-r\u00f6misches Vaterland regiert von &#8230;<\/em><\/p>\n<p><em><strong>Pr\u00e4sident<\/strong>: Achten Sie auf Ihre Worte, M. Vallat!<\/em><\/p>\n<p><em><strong>M. Xavier Vallat<\/strong>: &#8230; von einem Juden. <\/em><\/p>\n<p><a title=\"derFreitag\" href=\"http:\/\/www.freitag.de\/community\/blogs\/wwalkie\/die-erfindung-des-juedischen-volkes-das-neue-buch-shlomo-sands\" target=\"_blank\">Weiterlesen auf Freitag.de<\/a><\/p>\n","protected":false},"excerpt":{"rendered":"<p>Auszug aus dem Sitzungsprotokoll der franz\u00f6sischen Nationalversammlung vom 6. Juni 1936: M. Xavier Vallat: Ihre Machterlangung, Herr Ministerpr\u00e4sident, stellt unbestreitbar ein historisches Datum dar. Zum ersten Mal wird unser altes gallo-r\u00f6misches Vaterland regiert von &#8230; Pr\u00e4sident: Achten Sie auf Ihre Worte, M. Vallat! M. Xavier Vallat: &#8230; von einem Juden. Weiterlesen auf Freitag.de<\/p>\n","protected":false},"author":1,"featured_media":0,"comment_status":"open","ping_status":"open","sticky":false,"template":"","format":"standard","meta":{"footnotes":""},"categories":[1],"tags":[],"class_list":["post-1215","post","type-post","status-publish","format-standard","hentry","category-allgemein"],"_links":{"self":[{"href":"https:\/\/www.friedensplattform.at\/index.php?rest_route=\/wp\/v2\/posts\/1215","targetHints":{"allow":["GET"]}}],"collection":[{"href":"https:\/\/www.friedensplattform.at\/index.php?rest_route=\/wp\/v2\/posts"}],"about":[{"href":"https:\/\/www.friedensplattform.at\/index.php?rest_route=\/wp\/v2\/types\/post"}],"author":[{"embeddable":true,"href":"https:\/\/www.friedensplattform.at\/index.php?rest_route=\/wp\/v2\/users\/1"}],"replies":[{"embeddable":true,"href":"https:\/\/www.friedensplattform.at\/index.php?rest_route=%2Fwp%2Fv2%2Fcomments&post=1215"}],"version-history":[{"count":0,"href":"https:\/\/www.friedensplattform.at\/index.php?rest_route=\/wp\/v2\/posts\/1215\/revisions"}],"wp:attachment":[{"href":"https:\/\/www.friedensplattform.at\/index.php?rest_route=%2Fwp%2Fv2%2Fmedia&parent=1215"}],"wp:term":[{"taxonomy":"category","embeddable":true,"href":"https:\/\/www.friedensplattform.at\/index.php?rest_route=%2Fwp%2Fv2%2Fcategories&post=1215"},{"taxonomy":"post_tag","embeddable":true,"href":"https:\/\/www.friedensplattform.at\/index.php?rest_route=%2Fwp%2Fv2%2Ftags&post=1215"}],"curies":[{"name":"wp","href":"https:\/\/api.w.org\/{rel}","templated":true}]}}