{"id":122,"date":"2007-04-04T18:01:43","date_gmt":"2007-04-04T16:01:43","guid":{"rendered":"http:\/\/www.luxorbis.org\/friedensplattform.at\/?p=122"},"modified":"2007-04-04T18:01:43","modified_gmt":"2007-04-04T16:01:43","slug":"offentliche-dienstleistungen","status":"publish","type":"post","link":"https:\/\/www.friedensplattform.at\/?p=122","title":{"rendered":"&#214;ffentliche Dienstleistungen"},"content":{"rendered":"<p style=\"margin: 0px\"><strong>Europa (3.4.07): Die Ende 2006 gestartet        Petition des Europ\u00e4ischen Gewerkschaftsbundes (EGB) fordert hochwertige        \u00f6ffentliche Dienstleistungen f\u00fcr alle und findet immer breitere        Unterst\u00fctzung.<\/strong><\/p>\n<p><img loading=\"lazy\" decoding=\"async\" width=\"1\" height=\"10\" src=\"mailbox:\/\/\/C%7C\/Dokumente%20und%20Einstellungen\/Markus%20Lampel\/Anwendungsdaten\/Thunderbird\/Profiles\/6vxfwk97.default\/Mail\/pop.gmx.net\/Inbox?number=10834757&#038;part=1.3&#038;filename=clear.gif\" \/><\/p>\n<p style=\"margin: 0px\">Seit Ende 2006 haben insgesamt schon 80.355 Europ\u00e4erInnen  die Petition des EGB, welche die EU-Kommission auffordert, europ\u00e4ische  Gesetzesvorschl\u00e4ge zum Schutz der \u00f6ffentlichen Dienstleistungen zu unterbreiten,  unterschrieben.<\/p>\n<p style=\"margin: 0px\"><!--more--><\/p>\n<p style=\"margin: 0px\">Eine Millionen Unterschriften hat sich der EGB als Ziel  gesetzt, wobei er von den europ\u00e4ischen Gewerkschaften tatkr\u00e4ftig unterst\u00fctzt  wird. So hat zum Beispiel die franz\u00f6sische Gewerkschaft CGT angek\u00fcndigt  mindestens 200.000 Unterschriften der Petition beizusteuern. Auch die  sozialistische Fraktion im EU-Parlament ruft dazu auf, die Petition zu  unterzeichnen.<\/p>\n<p style=\"margin: 0px\">\n<p style=\"margin: 0px\">Es m\u00fcsse neben diskutieren Privatisierungen und  Liberalisierungen andere L\u00f6sungen geben eine hohe Qualit\u00e4t von \u00f6ffentlichen  Dienstleistungen zu erreichen, die f\u00fcr alle zug\u00e4nglich sind.<\/p>\n<p style=\"margin: 0px\">\n<p style=\"margin: 0px\">Die entsprechenden von der EU-Kommission eingebrachten  Gesetzesinitiativen sollen:<\/p>\n<p style=\"margin: 0px\">\n<p style=\"margin: 0px\">&#8211; dem Allgemeininteresse bei \u00f6ffentlichen  Dienstleistungen Vorrang zu verschaffen<\/p>\n<p style=\"margin: 0px\">&#8211; sicher zu stellen, dass jede(r) Zugang zu \u00f6ffentlichen  Dienstleistungen hat<\/p>\n<p style=\"margin: 0px\">&#8211; \u00f6ffentliche Dienstleistungen zu st\u00e4rken und damit die  Grundrechte der B\u00fcrgerinnen und B\u00fcrger zu garantieren<\/p>\n<p style=\"margin: 0px\">&#8211; mehr Rechtsicherheit zu schaffen, damit \u00f6ffentliche  Dienstleistungen langfristig erhalten und entwickelt werden k\u00f6nnen<\/p>\n<p style=\"margin: 0px\">&#8211; \u00f6ffentlichen Dienstleistungen eine stabile rechtliche  Basis zu geben und sie so vor ideologisch motivierten Angriffen im Namen des  \u201efreien Marktes\u201c zu sch\u00fctzen<\/p>\n<p style=\"margin: 0px\">\n<p style=\"margin: 0px\">Mehr Informationen und die Petition zum unterschreiben  finden Sie unter:<\/p>\n<p style=\"margin: 0px\">\n<p style=\"margin: 0px\">\n<p style=\"margin: 0px\"><a title=\"Petition\" target=\"_blank\" href=\"http:\/\/www.petitionpublicservice.eu\/\">www.petitionpublicservice.eu<\/a><\/p>\n<p style=\"margin: 0px\">\n<p style=\"margin: 0px\">\n","protected":false},"excerpt":{"rendered":"<p>Europa (3.4.07): Die Ende 2006 gestartet Petition des Europ\u00e4ischen Gewerkschaftsbundes (EGB) fordert hochwertige \u00f6ffentliche Dienstleistungen f\u00fcr alle und findet immer breitere Unterst\u00fctzung. Seit Ende 2006 haben insgesamt schon 80.355 Europ\u00e4erInnen die Petition des EGB, welche die EU-Kommission auffordert, europ\u00e4ische Gesetzesvorschl\u00e4ge zum Schutz der \u00f6ffentlichen Dienstleistungen zu unterbreiten, unterschrieben.<\/p>\n","protected":false},"author":1,"featured_media":0,"comment_status":"open","ping_status":"open","sticky":false,"template":"","format":"standard","meta":{"footnotes":""},"categories":[1],"tags":[],"class_list":["post-122","post","type-post","status-publish","format-standard","hentry","category-allgemein"],"_links":{"self":[{"href":"https:\/\/www.friedensplattform.at\/index.php?rest_route=\/wp\/v2\/posts\/122","targetHints":{"allow":["GET"]}}],"collection":[{"href":"https:\/\/www.friedensplattform.at\/index.php?rest_route=\/wp\/v2\/posts"}],"about":[{"href":"https:\/\/www.friedensplattform.at\/index.php?rest_route=\/wp\/v2\/types\/post"}],"author":[{"embeddable":true,"href":"https:\/\/www.friedensplattform.at\/index.php?rest_route=\/wp\/v2\/users\/1"}],"replies":[{"embeddable":true,"href":"https:\/\/www.friedensplattform.at\/index.php?rest_route=%2Fwp%2Fv2%2Fcomments&post=122"}],"version-history":[{"count":0,"href":"https:\/\/www.friedensplattform.at\/index.php?rest_route=\/wp\/v2\/posts\/122\/revisions"}],"wp:attachment":[{"href":"https:\/\/www.friedensplattform.at\/index.php?rest_route=%2Fwp%2Fv2%2Fmedia&parent=122"}],"wp:term":[{"taxonomy":"category","embeddable":true,"href":"https:\/\/www.friedensplattform.at\/index.php?rest_route=%2Fwp%2Fv2%2Fcategories&post=122"},{"taxonomy":"post_tag","embeddable":true,"href":"https:\/\/www.friedensplattform.at\/index.php?rest_route=%2Fwp%2Fv2%2Ftags&post=122"}],"curies":[{"name":"wp","href":"https:\/\/api.w.org\/{rel}","templated":true}]}}