{"id":1226,"date":"2010-05-04T20:38:25","date_gmt":"2010-05-04T18:38:25","guid":{"rendered":"http:\/\/www.luxorbis.org\/friedensplattform.at\/?p=1226"},"modified":"2010-05-04T20:38:25","modified_gmt":"2010-05-04T18:38:25","slug":"artikel-im-spiegel-das-kopenhagen-protokoll","status":"publish","type":"post","link":"https:\/\/www.friedensplattform.at\/?p=1226","title":{"rendered":"Artikel im Spiegel: Das Kopenhagen-Protokoll"},"content":{"rendered":"<p><em>Von Tobias Rapp, Christian Schw\u00e4gerl und Gerald Traufetter<\/em><\/p>\n<p>Wie liefen die Verhandlungen auf dem Weltklimagipfel in  Kopenhagen wirklich ab? Geheime Aufzeichnungen enth\u00fcllen, wie China und  Indien w\u00e4hrend des entscheidenden Treffens der Staatschefs eine Einigung  verhinderten. Ohnm\u00e4chtig mussten die Europ\u00e4er dem Scheitern zusehen.<\/p>\n<p><a title=\"www.spiegel.de\" href=\"http:\/\/www.spiegel.de\/spiegel\/0,1518,692438,00.html\" target=\"_blank\">Weiterlesen auf www.spiegel.de<\/a><\/p>\n","protected":false},"excerpt":{"rendered":"<p>Von Tobias Rapp, Christian Schw\u00e4gerl und Gerald Traufetter Wie liefen die Verhandlungen auf dem Weltklimagipfel in Kopenhagen wirklich ab? Geheime Aufzeichnungen enth\u00fcllen, wie China und Indien w\u00e4hrend des entscheidenden Treffens der Staatschefs eine Einigung verhinderten. Ohnm\u00e4chtig mussten die Europ\u00e4er dem Scheitern zusehen. Weiterlesen auf www.spiegel.de<\/p>\n","protected":false},"author":1,"featured_media":0,"comment_status":"open","ping_status":"open","sticky":false,"template":"","format":"standard","meta":{"footnotes":""},"categories":[1],"tags":[],"class_list":["post-1226","post","type-post","status-publish","format-standard","hentry","category-allgemein"],"_links":{"self":[{"href":"https:\/\/www.friedensplattform.at\/index.php?rest_route=\/wp\/v2\/posts\/1226","targetHints":{"allow":["GET"]}}],"collection":[{"href":"https:\/\/www.friedensplattform.at\/index.php?rest_route=\/wp\/v2\/posts"}],"about":[{"href":"https:\/\/www.friedensplattform.at\/index.php?rest_route=\/wp\/v2\/types\/post"}],"author":[{"embeddable":true,"href":"https:\/\/www.friedensplattform.at\/index.php?rest_route=\/wp\/v2\/users\/1"}],"replies":[{"embeddable":true,"href":"https:\/\/www.friedensplattform.at\/index.php?rest_route=%2Fwp%2Fv2%2Fcomments&post=1226"}],"version-history":[{"count":0,"href":"https:\/\/www.friedensplattform.at\/index.php?rest_route=\/wp\/v2\/posts\/1226\/revisions"}],"wp:attachment":[{"href":"https:\/\/www.friedensplattform.at\/index.php?rest_route=%2Fwp%2Fv2%2Fmedia&parent=1226"}],"wp:term":[{"taxonomy":"category","embeddable":true,"href":"https:\/\/www.friedensplattform.at\/index.php?rest_route=%2Fwp%2Fv2%2Fcategories&post=1226"},{"taxonomy":"post_tag","embeddable":true,"href":"https:\/\/www.friedensplattform.at\/index.php?rest_route=%2Fwp%2Fv2%2Ftags&post=1226"}],"curies":[{"name":"wp","href":"https:\/\/api.w.org\/{rel}","templated":true}]}}