{"id":1232,"date":"2010-05-04T22:45:36","date_gmt":"2010-05-04T20:45:36","guid":{"rendered":"http:\/\/www.luxorbis.org\/friedensplattform.at\/?p=1232"},"modified":"2010-05-04T22:45:36","modified_gmt":"2010-05-04T20:45:36","slug":"1232","status":"publish","type":"post","link":"https:\/\/www.friedensplattform.at\/?p=1232","title":{"rendered":""},"content":{"rendered":"<p>Folgende Solidarit\u00e4tsadresse erging an die verschiedenen Gewerkschaften in Griechenland:<\/p>\n<p>\u00d6sterreich; Graz, Steirische Friedensplattform; <a href=\"http:\/\/www.friedensplattform.at\/\">www.friedensplattform.at<\/a><\/p>\n<p style=\"margin-bottom: 0cm;\">An ADEDY<\/p>\n<p style=\"margin-bottom: 0cm;\">SOLIDARIT\u00c4TSADRESSE AN DIE STREIKENDEN IN GRIECHENLAND<\/p>\n<p style=\"margin-bottom: 0cm;\">AM 5. Mai 2010<\/p>\n<p style=\"margin-bottom: 0cm;\">Wir solidarisieren uns mit eurem Widerstand gegen die Einsparungswellen, auferlegt vom IWF, der EU-Kommission bzw. den EU-Granden Merkel, Sarkozy und Co. Diejenigen, die die Krise verursacht haben m\u00fcssen auch daf\u00fcr zahlen. Die Spekulanten des Kasino-Kapitalismus aus den USA und der EU tragen die Schuld an diesem Desaster.<br \/>\nAn der Krise Griechenlands und an euren Einsparungen wollen die sogenannten \u201eFinanzm\u00e4rkte\u201c wie Goldman Sachs und Co noch einmal gut daran verdienen und ihr sollt daf\u00fcr zur Kasse gebeten werden.<\/p>\n<p style=\"margin-bottom: 0cm;\"><!--more--><\/p>\n<p style=\"margin-bottom: 0cm;\">Wir unterst\u00fctzen euren Widerstand, da er exemplarisch f\u00fcr ganz Europa ist.<\/p>\n<p style=\"margin-bottom: 0cm;\">Wenn eure Widerstandsbewegung gebrochen wird, so ist auch der Weg frei f\u00fcr andere L\u00e4nder,<\/p>\n<p style=\"margin-bottom: 0cm;\">in denen der Sozialabbau ebenso auf der Tagesordnung steht.<\/p>\n<p style=\"margin-bottom: 0cm;\">Der internationale Widerstand der Arbeiterbewegung ist auch notwendig, um dem bereits gesch\u00fcrten Nationalismus entgegen zu wirken.<\/p>\n<p style=\"margin-bottom: 0cm;\">Wir w\u00fcnschen euch ein entschiedenes Durchhalteverm\u00f6gen.<\/p>\n<p style=\"margin-bottom: 0cm;\">Hoch der Widerstand in Griechenland<br \/>\nHoch die internationale Solidarit\u00e4t<\/p>\n<p style=\"margin-bottom: 0cm;\">mit solidarischen Gr\u00fcssen<\/p>\n<p style=\"margin-bottom: 0cm;\">f\u00fcr die Steirische Friedensplattform<\/p>\n<p style=\"margin-bottom: 0cm;\">\n<p style=\"margin-bottom: 0cm;\">Johann Sch\u00f6gler <a href=\"mailto:johannschoegler@gmx.at\">johannschoegler@gmx.at<\/a><\/p>\n<p style=\"margin-bottom: 0cm;\">Hier der deutsche Text und die von Athanasis \u00fcbersetzte griechische Version:<\/p>\n<p style=\"margin-bottom: 0cm;\"><a href=\"http:\/\/www.luxorbis.org\/friedensplattform.at\/wp-content\/uploads\/2010\/05\/5.mai-generalstreik-griechenland-solidarit\u00e4t.doc\">Deutsche Solidarit\u00e4tsnote<\/a><\/p>\n<p style=\"margin-bottom: 0cm;\"><a href=\"http:\/\/www.luxorbis.org\/friedensplattform.at\/wp-content\/uploads\/2010\/05\/Solidarit\u00e4t01.doc\">Griechische Solidarit\u00e4tsnote<\/a><\/p>\n<p style=\"margin-bottom: 0cm;\">\n","protected":false},"excerpt":{"rendered":"<p>Folgende Solidarit\u00e4tsadresse erging an die verschiedenen Gewerkschaften in Griechenland: \u00d6sterreich; Graz, Steirische Friedensplattform; www.friedensplattform.at An ADEDY SOLIDARIT\u00c4TSADRESSE AN DIE STREIKENDEN IN GRIECHENLAND AM 5. Mai 2010 Wir solidarisieren uns mit eurem Widerstand gegen die Einsparungswellen, auferlegt vom IWF, der EU-Kommission bzw. den EU-Granden Merkel, Sarkozy und Co. Diejenigen, die die Krise verursacht haben m\u00fcssen auch &hellip; <a href=\"https:\/\/www.friedensplattform.at\/?p=1232\" class=\"more-link\"><span class=\"screen-reader-text\"><\/span> weiterlesen <span class=\"meta-nav\">&rarr;<\/span><\/a><\/p>\n","protected":false},"author":1,"featured_media":0,"comment_status":"open","ping_status":"open","sticky":false,"template":"","format":"standard","meta":{"footnotes":""},"categories":[1],"tags":[],"class_list":["post-1232","post","type-post","status-publish","format-standard","hentry","category-allgemein"],"_links":{"self":[{"href":"https:\/\/www.friedensplattform.at\/index.php?rest_route=\/wp\/v2\/posts\/1232","targetHints":{"allow":["GET"]}}],"collection":[{"href":"https:\/\/www.friedensplattform.at\/index.php?rest_route=\/wp\/v2\/posts"}],"about":[{"href":"https:\/\/www.friedensplattform.at\/index.php?rest_route=\/wp\/v2\/types\/post"}],"author":[{"embeddable":true,"href":"https:\/\/www.friedensplattform.at\/index.php?rest_route=\/wp\/v2\/users\/1"}],"replies":[{"embeddable":true,"href":"https:\/\/www.friedensplattform.at\/index.php?rest_route=%2Fwp%2Fv2%2Fcomments&post=1232"}],"version-history":[{"count":0,"href":"https:\/\/www.friedensplattform.at\/index.php?rest_route=\/wp\/v2\/posts\/1232\/revisions"}],"wp:attachment":[{"href":"https:\/\/www.friedensplattform.at\/index.php?rest_route=%2Fwp%2Fv2%2Fmedia&parent=1232"}],"wp:term":[{"taxonomy":"category","embeddable":true,"href":"https:\/\/www.friedensplattform.at\/index.php?rest_route=%2Fwp%2Fv2%2Fcategories&post=1232"},{"taxonomy":"post_tag","embeddable":true,"href":"https:\/\/www.friedensplattform.at\/index.php?rest_route=%2Fwp%2Fv2%2Ftags&post=1232"}],"curies":[{"name":"wp","href":"https:\/\/api.w.org\/{rel}","templated":true}]}}