{"id":1254,"date":"2010-05-21T17:53:01","date_gmt":"2010-05-21T15:53:01","guid":{"rendered":"http:\/\/www.luxorbis.org\/friedensplattform.at\/?p=1254"},"modified":"2010-05-21T17:53:01","modified_gmt":"2010-05-21T15:53:01","slug":"klimakongress-update-programm-online-bewegungsaufbau","status":"publish","type":"post","link":"https:\/\/www.friedensplattform.at\/?p=1254","title":{"rendered":"Klimakongress Update: Programm online, Bewegungsaufbau, &#8230;"},"content":{"rendered":"<p>Liebe Kooperationspartner_innen!<\/p>\n<p>Das gesamte Programm ist jetzt endlich fertig und ging eben online:<br \/>\n<a href=\"http:\/\/klimakongress.org\/programm\" target=\"_blank\">http:\/\/klimakongress.org\/programm<\/a><br \/>\n<!--more--><br \/>\nBitte um Verbreitung!<\/p>\n<p>Detailreichere Beschreibungen der einzelnen Veranstaltungen folgen n\u00e4chste<br \/>\nWoche. Die meisten Titel sollten die jeweiligen Inhalte einstweilen recht<br \/>\ngut zum Ausdruck bringen.<\/p>\n<p>Einige urspr\u00fcnglich geplante Veranstaltungen sind leider noch weggefallen:<br \/>\nEin gro\u00dfes Panel zur \u00f6sterreichischen Klimapolitik, weil SP\u00d6 und \u00d6VP<br \/>\nkeine\/n Diskutanten\/in vermitteln konnten und es leider auch von Global<br \/>\n2000 (deren Teilnahme uns so wichig gewesen w\u00e4re, weil sie ja seit langem<br \/>\ndie Kampagne f\u00fcr ein Klimaschutzgesetz im Verfassungsrang f\u00fchren)<br \/>\nniemandem m\u00f6glich war, zu kommen. Eine zweite Veranstaltung, die uns<br \/>\nurspr\u00fcnglich sehr wichtig war, war ein Panel zur m\u00f6glichen Inbetriebnahme<br \/>\ndes Kohlekraftswerks in Voitsberg. Nachdem die Sache aus wasserrechtlichen<br \/>\nGr\u00fcnden vorerst (!) einmal nichts zu werden scheint und zu bef\u00fcrchten war,<br \/>\ndass es vor allem zwischen Vertreter_innen von SP\u00d6 und \u00d6VP zu<br \/>\nWahlkampfgepl\u00e4nkel kommen k\u00f6nnte (wof\u00fcr wir keinen Rahmen bieten m\u00f6chten),<br \/>\nhaben wir uns daf\u00fcr entschieden, die Veranstaltung abzusagen. Wir werden<br \/>\ndie weiteren Entwicklungen jedoch genau verfolgen, die Diskussion bei<br \/>\nBedarf neu konzipiert veranstalten und uns mit allen Mitteln gegen eine<br \/>\nInbetriebnahme einsetzen, sollte diese nach wie vor angestrebt werden.<\/p>\n<p>Der Kongress intentierte urspr\u00fcnglich, das Thema Klimawandel und<br \/>\nsozial-\u00f6kologische Tranformation auf allen Levels m\u00f6glichst umfassend zu<br \/>\nbehandeln, der Bereich Klimapolitik auf Bundes- und Landesebene kommt nun<br \/>\ndiesem Anspruch entsprechend zu kurz. Wir denken aber, dass das schon ok<br \/>\ngeht, denn nun ist der Schwerpunkt noch st\u00e4rker die Rolle von<br \/>\nB\u00fcrger_inneninitiativen und der globalen Bewegung f\u00fcr Klimagerechtigkeit,<br \/>\ndie es zu st\u00e4rken und auszuweiten gilt. Wir denken, dass auf der Ebene der<br \/>\n&#8222;gro\u00dfen Politik&#8220;, wenn \u00fcberhaupt, nur dann etwas weitergehen wird, wenn<br \/>\nerheblicher Druck &#8222;von unten&#8220; kommt. Diesen gilt es gemeinsam aufzubauen!<br \/>\n<span title=\":)\"><span>\ud83d\ude42<\/span><\/span><\/p>\n<p>Am Freitag dem 18.6. wird es von 12:00 bis 15:00 einen expliziten<br \/>\nProgrammpunkt \u0084Aufbau der Klimagerechtigkeitsbewegung in \u00d6sterreich\u0093<br \/>\ngeben, zu dem Ihr alle explizit herzlich eingeladen seid. Im Rahmen dieses<br \/>\nersten Meetings wollen wir zu aller erst einmal sehen, welche Initiativen<br \/>\nes bereits gibt, was diese jeweils unter dem sehr unterschiedlich<br \/>\ninterpretierbaren Begriff &#8222;Klimagerechtigkeit&#8220; verstehen und was wir auf<br \/>\ndieser Basis gemeinsam aufbauen bzw. in Angriff nehmen k\u00f6nnen. Es wird<br \/>\ndann im Rahmen des Kongresses (und hoffentlich auch dar\u00fcber hinaus)<br \/>\nweitere Treffen geben, um die Diskussion fortzusetzen und konkrete n\u00e4chste<br \/>\nSchritte zu vereinbaren.<\/p>\n<p>Ich bitte Euch diese Infos an Interessierte weiterzuleiten, sende Euch<br \/>\neinstweilen liebe Gr\u00fc\u00dfe und w\u00fcnsche alles Gute,<\/p>\n<p>Seppi<\/p>\n","protected":false},"excerpt":{"rendered":"<p>Liebe Kooperationspartner_innen! Das gesamte Programm ist jetzt endlich fertig und ging eben online: http:\/\/klimakongress.org\/programm<\/p>\n","protected":false},"author":1,"featured_media":0,"comment_status":"open","ping_status":"open","sticky":false,"template":"","format":"standard","meta":{"footnotes":""},"categories":[1],"tags":[],"class_list":["post-1254","post","type-post","status-publish","format-standard","hentry","category-allgemein"],"_links":{"self":[{"href":"https:\/\/www.friedensplattform.at\/index.php?rest_route=\/wp\/v2\/posts\/1254","targetHints":{"allow":["GET"]}}],"collection":[{"href":"https:\/\/www.friedensplattform.at\/index.php?rest_route=\/wp\/v2\/posts"}],"about":[{"href":"https:\/\/www.friedensplattform.at\/index.php?rest_route=\/wp\/v2\/types\/post"}],"author":[{"embeddable":true,"href":"https:\/\/www.friedensplattform.at\/index.php?rest_route=\/wp\/v2\/users\/1"}],"replies":[{"embeddable":true,"href":"https:\/\/www.friedensplattform.at\/index.php?rest_route=%2Fwp%2Fv2%2Fcomments&post=1254"}],"version-history":[{"count":0,"href":"https:\/\/www.friedensplattform.at\/index.php?rest_route=\/wp\/v2\/posts\/1254\/revisions"}],"wp:attachment":[{"href":"https:\/\/www.friedensplattform.at\/index.php?rest_route=%2Fwp%2Fv2%2Fmedia&parent=1254"}],"wp:term":[{"taxonomy":"category","embeddable":true,"href":"https:\/\/www.friedensplattform.at\/index.php?rest_route=%2Fwp%2Fv2%2Fcategories&post=1254"},{"taxonomy":"post_tag","embeddable":true,"href":"https:\/\/www.friedensplattform.at\/index.php?rest_route=%2Fwp%2Fv2%2Ftags&post=1254"}],"curies":[{"name":"wp","href":"https:\/\/api.w.org\/{rel}","templated":true}]}}