{"id":1257,"date":"2010-05-23T20:40:08","date_gmt":"2010-05-23T18:40:08","guid":{"rendered":"http:\/\/www.luxorbis.org\/friedensplattform.at\/?p=1257"},"modified":"2010-05-23T20:40:08","modified_gmt":"2010-05-23T18:40:08","slug":"aktion-gegen-menschenrechtsverletzungen-an-der-bevoelkerung-von-gaza","status":"publish","type":"post","link":"https:\/\/www.friedensplattform.at\/?p=1257","title":{"rendered":"Aktion gegen Menschenrechtsverletzungen an der Bev&#246;lkerung von Gaza"},"content":{"rendered":"<p>\u201eFree Gaza\u201c- die Blockade von Gaza mit Schiffen durchbrechen<\/p>\n<p>IPPNW-B\u00fcndnis-Pressemitteilung  vom 20.05.2010<\/p>\n<p><a style=\"text-decoration: underline;\" href=\"http:\/\/service.gmx.net\/de\/cgi\/derefer?TYPE=3&amp;DEST=http%3A%2F%2Fwww.ippnw.de%2Fstartseite%2Fartikel%2Fbcf02d6620%2Ffree-gaza-die-blockade-von-ga.html\" target=\"_blank\">http:\/\/www.ippnw.de\/startseite\/artikel\/bcf02d6620\/free-gaza-die-blockade-von-ga.html<\/a><br \/>\n<!--more--><\/p>\n<p>Die Menschen im Gazastreifen mit Hilfsg\u00fctern zu versorgen  und die<br \/>\n\u00d6ffentlichkeit auf die v\u00f6lkerrechtswidrige Blockade des  Gaza-Streifens<br \/>\naufmerksam zu machen, ist Ziel der Freedom-Flottille.  Sie besteht aus<br \/>\ninsgesamt drei Frachtschiffen mit etwa 5.000 Tonnen  Ladung und f\u00fcnf<br \/>\nPassagierschiffen. Ca. 600 Menschen aus 20 L\u00e4ndern  hoffen, Gaza per<br \/>\nSchiff zu erreichen.<\/p>\n<p>Aus Deutschland  beteiligen sich f\u00fcnf Personen als Passagiere: vom<br \/>\nAktionsb\u00fcndnis  Matthias Jochheim, stellvertretender Vorsitzender der<br \/>\nIPPNW, Norman  Paech, emeritierter Hochschullehrer und<br \/>\nIPPNW-Beiratsmitglied sowie  der in Deutschland lebende Pal\u00e4stinenser<br \/>\nNader el Saqa von der  Pal\u00e4stinensischen Gemeinde Deutschland e.V. und<br \/>\nzwei Abgeordnete des  Deutschen Bundestages, Inge H\u00f6ger, MdB (Mitglied<br \/>\ndes  Verteidigungsausschusses) und Annette Groth, MdB (Mitglied des<br \/>\nAusschuss  f\u00fcr Menschenrechte und humanit\u00e4re Hilfe). Die deutschen<br \/>\nAktivisten  werden am 22. Mai von Griechenland aus in See stechen und um<br \/>\nden 1.  Juni zur\u00fcck in Griechenland erwartet.<\/p>\n<p>Das Frachtgut besteht aus  Baumaterial und ganzen Fertigh\u00e4usern, aber<br \/>\nauch aus Rollst\u00fchlen,  Krankenhausbetten, Wasseraufbereitungsger\u00e4ten,<br \/>\nsowie aus  Schulmaterialien und Spielzeug. Aus Deutschland stammen 5<br \/>\nTonnen der  Fracht, Medikamente, Verbandstoffe und Medizinische Ger\u00e4te,<br \/>\ngespendet  von der Deutsch Pal\u00e4stinensischen Medizinischen Gesellschaft.<\/p>\n<p>\u201cIm  Mai vergangenen Jahres hat Papst Benedikt XVI bei seinem Besuch in<br \/>\nIsrael  und in den pal\u00e4stinensischen Gebieten die Aufhebung der Blockade<br \/>\nvon  Gaza gefordert. Die internationale Gemeinschaft, die EU und die<br \/>\ndeutsche  Bundesregierung sind aufgerufen, sich in \u00e4hnlicher Weise f\u00fcr<br \/>\ndas  Ende der kollektiven Bestrafung der Menschen im Gazastreifen<br \/>\neinzusetzen.  Ohne freien Zugang zu Grundversorgung mit Lebensmitteln<br \/>\nleben die  Menschen dort in tiefster Armut\u201c, betont die Generalsekret\u00e4rin<br \/>\nvon  pax christi, Christine Hoffmann.<\/p>\n<p>\u201eDie internationale  Staatengemeinschaft geht nicht gegen die<br \/>\nv\u00f6lkerrechtswidrige  israelische Blockade vor. Umso intensiver muss die<br \/>\ninternationale  Zivilgesellschaft sich daf\u00fcr einsetzen,\u201c sagt Gisela<br \/>\nSiebourg vom  Deutschen Koordinationskreis Pal\u00e4stina Israel.<\/p>\n<p>&#8222;Wir wollen mit  unserer Aktion auf die Menschenrechtsverletzungen an der<br \/>\nBev\u00f6lkerung  von Gaza aufmerksam machen. Durch die Blockade fehlen<br \/>\nMedikamente und  Ersatzteile f\u00fcr medizinische Ger\u00e4te. Patienten, die in<br \/>\nGaza nicht  versorgt werden k\u00f6nnen, haben keinen Zugang zu ad\u00e4quater<br \/>\nmedizinischer  Behandlung au\u00dferhalb der belagerten Region. Unseren<br \/>\nisraelischen  Kollegen, den `\u00c4rzten f\u00fcr Menschenrechte\u00b4, sind bereits<br \/>\nF\u00e4lle  bekannt, in denen Patienten gestorben sind, weil sie nicht<br \/>\nrechtzeitig  behandelt werden konnten&#8220;, erkl\u00e4rt Matthias Jochheim,<br \/>\nstellvertretender  Vorsitzender der IPPNW.<\/p>\n<p>\u201eDie Flottille nach Gaza soll mit ihren  Hilfsg\u00fctern nicht nur die<br \/>\nBlockade von Gaza \u00fcberwinden, sondern auch  durch entsprechende<br \/>\n\u00d6ffentlichkeitsarbeit dem Schweigen in den Medien  entgegenwirken und<br \/>\nDruck auf die internationale Politik entfalten,  sich deutlich gegen\u00fcber<br \/>\nIsrael f\u00fcr ein Ende der Blockade  einzusetzen\u201c, erkl\u00e4rt Annette Groth,<br \/>\nmenschenrechtspolitische  Sprecherin der Fraktion DIE LINKE.<\/p>\n<p>Die\u201c FreeGaza Bewegung\u201c ist  eine internationale Bewegung, die mit<br \/>\nSchiffen die  v\u00f6lkerrechtswidrige Blockade von Gaza durchbrechen will.<br \/>\nDer  deutschen Sektion von \u201eFreeGaza\u201c geh\u00f6ren IPPNW Deutschland, die<br \/>\ndeutsche  Sektion pax christi, die Deutsch-Pal\u00e4stinensische Gesellschaft,<br \/>\ndie  Pal\u00e4stinensische Gemeinde Deutschland sowie die<br \/>\nDeutsch-Pal\u00e4stinensische  Medizinische Gesellschaft an. Deutsche<br \/>\n\u201eFreeGaza\u201c-Koordinatorinnen  sind Gisela Siebourg und Hilu Barth. Bereits<br \/>\nseit letztem Jahr bem\u00fcht  sich der deutsche Koordinationskreis Pal\u00e4stina<br \/>\nIsrael, ein Schiff  mit medizinischen Hilfsg\u00fctern nach Gaza zu schicken,<br \/>\nund hat daf\u00fcr  breite Unterst\u00fctzung eingeworben.<\/p>\n<p><a style=\"text-decoration: underline;\" href=\"http:\/\/service.gmx.net\/de\/cgi\/derefer?TYPE=3&amp;DEST=http%3A%2F%2Fwww.freegaza.de%2Fpetition%2Funterzeichner.php\" target=\"_blank\">http:\/\/www.freegaza.de\/petition\/unterzeichner.php<\/a><\/p>\n<p>Obwohl  Free Gaza sich nur in internationalen und pal\u00e4stinensischen<br \/>\nHoheitsgew\u00e4ssern  bewegen wird, hat Tel Aviv bereits angek\u00fcndigt, die<br \/>\nFlotte nicht bis  zur K\u00fcste von Gaza segeln zu lassen. Die FreeGaza<br \/>\nBewegung l\u00e4sst  sich unter Verweis auf das V\u00f6lkerrecht, das<br \/>\ninternationale Seerecht  und die Menschenrechte durch solche Drohungen<br \/>\nindes nicht  einsch\u00fcchtern.<\/p>\n<p>Kontakt: Angelika Wilmen, IPPNW, Tel. 030-69 80  74-15, Deutsche Sektion<br \/>\nder Internationalen \u00c4rzte f\u00fcr die Verh\u00fctung  des Atomkrieges, \u00c4rzte in<br \/>\nsozialer Verantwortung (IPPNW), K\u00f6rtestr.  10, 10967 Berlin,<br \/>\n<a style=\"text-decoration: underline;\" href=\"http:\/\/service.gmx.net\/de\/cgi\/derefer?TYPE=3&amp;DEST=http%3A%2F%2Fwww.ippnw.de\" target=\"_blank\">www.ippnw.de<\/a>,  Email: ippnw[at]ippnw.de<\/p>\n","protected":false},"excerpt":{"rendered":"<p>\u201eFree Gaza\u201c- die Blockade von Gaza mit Schiffen durchbrechen IPPNW-B\u00fcndnis-Pressemitteilung vom 20.05.2010 http:\/\/www.ippnw.de\/startseite\/artikel\/bcf02d6620\/free-gaza-die-blockade-von-ga.html<\/p>\n","protected":false},"author":1,"featured_media":0,"comment_status":"open","ping_status":"open","sticky":false,"template":"","format":"standard","meta":{"footnotes":""},"categories":[5],"tags":[],"class_list":["post-1257","post","type-post","status-publish","format-standard","hentry","category-arabischer-raum"],"_links":{"self":[{"href":"https:\/\/www.friedensplattform.at\/index.php?rest_route=\/wp\/v2\/posts\/1257","targetHints":{"allow":["GET"]}}],"collection":[{"href":"https:\/\/www.friedensplattform.at\/index.php?rest_route=\/wp\/v2\/posts"}],"about":[{"href":"https:\/\/www.friedensplattform.at\/index.php?rest_route=\/wp\/v2\/types\/post"}],"author":[{"embeddable":true,"href":"https:\/\/www.friedensplattform.at\/index.php?rest_route=\/wp\/v2\/users\/1"}],"replies":[{"embeddable":true,"href":"https:\/\/www.friedensplattform.at\/index.php?rest_route=%2Fwp%2Fv2%2Fcomments&post=1257"}],"version-history":[{"count":0,"href":"https:\/\/www.friedensplattform.at\/index.php?rest_route=\/wp\/v2\/posts\/1257\/revisions"}],"wp:attachment":[{"href":"https:\/\/www.friedensplattform.at\/index.php?rest_route=%2Fwp%2Fv2%2Fmedia&parent=1257"}],"wp:term":[{"taxonomy":"category","embeddable":true,"href":"https:\/\/www.friedensplattform.at\/index.php?rest_route=%2Fwp%2Fv2%2Fcategories&post=1257"},{"taxonomy":"post_tag","embeddable":true,"href":"https:\/\/www.friedensplattform.at\/index.php?rest_route=%2Fwp%2Fv2%2Ftags&post=1257"}],"curies":[{"name":"wp","href":"https:\/\/api.w.org\/{rel}","templated":true}]}}