{"id":126,"date":"2007-04-15T21:46:20","date_gmt":"2007-04-15T19:46:20","guid":{"rendered":"http:\/\/www.luxorbis.org\/friedensplattform.at\/?p=126"},"modified":"2007-04-15T21:46:20","modified_gmt":"2007-04-15T19:46:20","slug":"einkreisung-chinas-artikel-in-der-jungen-welt","status":"publish","type":"post","link":"https:\/\/www.friedensplattform.at\/?p=126","title":{"rendered":"Einkreisung Chinas (Artikel in der jungen Welt)"},"content":{"rendered":"<p>Die weltweit wachsende Bedeutung der Volksrepublik sorgt in der NATO, den USA, Japan und Australien f\u00fcr eine aggressivere Politik gegen das Land der Mitte. Peking antwortet mit h\u00f6heren Milit\u00e4rausgaben<br \/>\n<em> Von Vivian Konnari<\/em><\/p>\n<p><a target=\"_blank\" href=\"http:\/\/www.jungewelt.de\/2007\/04-16\/001.php\">mehr in der jungen Welt <\/a><\/p>\n","protected":false},"excerpt":{"rendered":"<p>Die weltweit wachsende Bedeutung der Volksrepublik sorgt in der NATO, den USA, Japan und Australien f\u00fcr eine aggressivere Politik gegen das Land der Mitte. Peking antwortet mit h\u00f6heren Milit\u00e4rausgaben Von Vivian Konnari mehr in der jungen Welt<\/p>\n","protected":false},"author":1,"featured_media":0,"comment_status":"open","ping_status":"open","sticky":false,"template":"","format":"standard","meta":{"footnotes":""},"categories":[1],"tags":[],"class_list":["post-126","post","type-post","status-publish","format-standard","hentry","category-allgemein"],"_links":{"self":[{"href":"https:\/\/www.friedensplattform.at\/index.php?rest_route=\/wp\/v2\/posts\/126","targetHints":{"allow":["GET"]}}],"collection":[{"href":"https:\/\/www.friedensplattform.at\/index.php?rest_route=\/wp\/v2\/posts"}],"about":[{"href":"https:\/\/www.friedensplattform.at\/index.php?rest_route=\/wp\/v2\/types\/post"}],"author":[{"embeddable":true,"href":"https:\/\/www.friedensplattform.at\/index.php?rest_route=\/wp\/v2\/users\/1"}],"replies":[{"embeddable":true,"href":"https:\/\/www.friedensplattform.at\/index.php?rest_route=%2Fwp%2Fv2%2Fcomments&post=126"}],"version-history":[{"count":0,"href":"https:\/\/www.friedensplattform.at\/index.php?rest_route=\/wp\/v2\/posts\/126\/revisions"}],"wp:attachment":[{"href":"https:\/\/www.friedensplattform.at\/index.php?rest_route=%2Fwp%2Fv2%2Fmedia&parent=126"}],"wp:term":[{"taxonomy":"category","embeddable":true,"href":"https:\/\/www.friedensplattform.at\/index.php?rest_route=%2Fwp%2Fv2%2Fcategories&post=126"},{"taxonomy":"post_tag","embeddable":true,"href":"https:\/\/www.friedensplattform.at\/index.php?rest_route=%2Fwp%2Fv2%2Ftags&post=126"}],"curies":[{"name":"wp","href":"https:\/\/api.w.org\/{rel}","templated":true}]}}