{"id":1270,"date":"2010-05-30T19:20:09","date_gmt":"2010-05-30T17:20:09","guid":{"rendered":"http:\/\/www.luxorbis.org\/friedensplattform.at\/?p=1270"},"modified":"2010-05-30T19:20:09","modified_gmt":"2010-05-30T17:20:09","slug":"orf-salzburg-berichtet-ein-monat-haft-fuer-anti-fekter-demonstrant","status":"publish","type":"post","link":"https:\/\/www.friedensplattform.at\/?p=1270","title":{"rendered":"ORF Salzburg berichtet: Ein Monat Haft f&#252;r Anti-Fekter-Demonstrant"},"content":{"rendered":"<p>Mit zwei Schuldspr\u00fcchen endete am Freitag das Gerichtsverfahren gegen zwei Salzburger Demonstranten, die gegen Innenministerin Maria Fekter (\u00d6VP) protestiert hatten. Der eine muss sogar f\u00fcr ein Monat ins Gef\u00e4ngnis.<\/p>\n<p><a title=\"ORF Salzburg\" href=\"http:\/\/salzburg.orf.at\/stories\/445815\/\" target=\"_blank\">Weiterlesen auf den Seiten des ORF Salzburg<\/a><\/p>\n","protected":false},"excerpt":{"rendered":"<p>Mit zwei Schuldspr\u00fcchen endete am Freitag das Gerichtsverfahren gegen zwei Salzburger Demonstranten, die gegen Innenministerin Maria Fekter (\u00d6VP) protestiert hatten. Der eine muss sogar f\u00fcr ein Monat ins Gef\u00e4ngnis. Weiterlesen auf den Seiten des ORF Salzburg<\/p>\n","protected":false},"author":1,"featured_media":0,"comment_status":"open","ping_status":"open","sticky":false,"template":"","format":"standard","meta":{"footnotes":""},"categories":[1],"tags":[],"class_list":["post-1270","post","type-post","status-publish","format-standard","hentry","category-allgemein"],"_links":{"self":[{"href":"https:\/\/www.friedensplattform.at\/index.php?rest_route=\/wp\/v2\/posts\/1270","targetHints":{"allow":["GET"]}}],"collection":[{"href":"https:\/\/www.friedensplattform.at\/index.php?rest_route=\/wp\/v2\/posts"}],"about":[{"href":"https:\/\/www.friedensplattform.at\/index.php?rest_route=\/wp\/v2\/types\/post"}],"author":[{"embeddable":true,"href":"https:\/\/www.friedensplattform.at\/index.php?rest_route=\/wp\/v2\/users\/1"}],"replies":[{"embeddable":true,"href":"https:\/\/www.friedensplattform.at\/index.php?rest_route=%2Fwp%2Fv2%2Fcomments&post=1270"}],"version-history":[{"count":0,"href":"https:\/\/www.friedensplattform.at\/index.php?rest_route=\/wp\/v2\/posts\/1270\/revisions"}],"wp:attachment":[{"href":"https:\/\/www.friedensplattform.at\/index.php?rest_route=%2Fwp%2Fv2%2Fmedia&parent=1270"}],"wp:term":[{"taxonomy":"category","embeddable":true,"href":"https:\/\/www.friedensplattform.at\/index.php?rest_route=%2Fwp%2Fv2%2Fcategories&post=1270"},{"taxonomy":"post_tag","embeddable":true,"href":"https:\/\/www.friedensplattform.at\/index.php?rest_route=%2Fwp%2Fv2%2Ftags&post=1270"}],"curies":[{"name":"wp","href":"https:\/\/api.w.org\/{rel}","templated":true}]}}