{"id":1283,"date":"2010-05-31T20:24:58","date_gmt":"2010-05-31T18:24:58","guid":{"rendered":"http:\/\/www.luxorbis.org\/friedensplattform.at\/?p=1283"},"modified":"2010-05-31T20:24:58","modified_gmt":"2010-05-31T18:24:58","slug":"uri-avnery-zum-israelischen-angriff-auf-freedom-flottille-gaza","status":"publish","type":"post","link":"https:\/\/www.friedensplattform.at\/?p=1283","title":{"rendered":"Uri Avnery zum israelischen Angriff auf Freedom-Flottille Gaza"},"content":{"rendered":"<p>Pressemitteilung, 31.5.10<\/p>\n<p>Ein kriegs\u00e4hnlicher\u00a0 Angriff gegen Schiffe mit Hilfslieferungen und<br \/>\nt\u00f6dliche Sch\u00fcsse auf Friedensaktivisten und Aktivisten humanit\u00e4rer Hilfe.<\/p>\n<p>Uri Avnery<\/p>\n<p>In dieser Nacht wurde mitten\u00a0 auf dem Meer ein Verbrechen\u00a0 begangen \u2013<br \/>\nauf Befehl der Regierung Israels und dem IDF-Kommando.<br \/>\n<!--more--><br \/>\nEin kriegs\u00e4hnlicher\u00a0 Angriff gegen Schiffe mit Hilfslieferungen und<br \/>\nt\u00f6dliche Sch\u00fcsse auf Friedensaktivisten und Aktivisten humanit\u00e4rer Hilfe.<\/p>\n<p>Es ist eine wahnsinnige Sache, die sich nur eine Regierung leisten kann,<br \/>\ndie alle roten Linien \u00fcberschritten hat.<\/p>\n<p>Nur eine wahnsinnige Regierung, die alle Beherrschung verloren hat und<br \/>\njede Verbindung zur Realit\u00e4t kann so etwas tun: Schiffe, die humanit\u00e4re<br \/>\nHilfe und Friedensaktivisten aus aller Welt mit sich bringt, als Feinde<br \/>\nanzusehen und massive milit\u00e4rische Kr\u00e4fte in internationale Gew\u00e4sser zu<br \/>\nschicken, sie anzugreifen, zu zu beschie\u00dfen und zu t\u00f6ten.<\/p>\n<p>\u201eNiemand in der Welt wird die L\u00fcgen\u00a0 und Entschuldigungen glauben, mit<br \/>\ndenen die Regierungs- und Armeesprecher\u00a0 daherkommen\u201c, sagt der fr\u00fchere<br \/>\nKnessetabgeordnete Uri Avnery von\u00a0 der Gush Shalombewegung. Gush Shalom<br \/>\nAktivisten werden zusammen mit Aktivisten anderer Organisationen<br \/>\nab\u00a0 11 Uhr von Tel Aviv\u00a0 abfahren, um vor der vorbereiteten<br \/>\nHafteinrichtung ( in Ashdod), wo die internationalen Friedensaktivisten<br \/>\nhingebracht werden, zu protestieren.<\/p>\n<p>Greta Berlin, die Sprecherin der Flotillen-Organisatoren, die in Cypern<br \/>\nihren Sitz hat, sagte zu Gush Shalom-Aktivisten,\u00a0 dass das israelische<br \/>\nKommando mit Helikoptern auf den Booten gelandet sei und sofort das<br \/>\nFeuer er\u00f6ffnet h\u00e4tten.<\/p>\n<p>Dies ist\u00a0 ein Tag der Schande f\u00fcr den Staat Israel, ein Tag gro\u00dfer<br \/>\nBesorgnis, an dem wir entdecken, dass unsere Zukunft einer Bande von<br \/>\nschie\u00dfw\u00fctigen verantwortungslosen Leuten anvertraut war . Dieser Tag ist<br \/>\nein Tag der grenzenlose Schande und des Wahnsinns und der Dummheit, es<br \/>\nist der Tag, an dem die israelische Regierung den Namen des Landes in<br \/>\naller Welt verunglimpft hat, indem es \u00fcberzeugende Beweise seiner<br \/>\nAggressivit\u00e4t und Brutalit\u00e4t\u00a0 zu Israels schon schlechtem<br \/>\ninternationalen Image hinzuf\u00fcgt und damit die wenigen\u00a0 verbliebenen<br \/>\nFreunde entmutigt und distanziert.<\/p>\n<p>Tats\u00e4chlich fand weit vor der K\u00fcste des Gazastreifens\u00a0 eine Provokation<br \/>\nstatt \u2013 aber die Provokateure waren nicht die Friedensaktivisten, die<br \/>\nvon den Pal\u00e4stinensern eingeladen\u00a0 waren und die die K\u00fcste Gazas<br \/>\nerreichen wollten. Die Provokation wurde vom Marinekommando auf Bitte<br \/>\nder israelischen Regierung ausgef\u00fchrt: den Weg f\u00fcr die Boote mit den<br \/>\nHilfslieferungen zu blockieren und t\u00f6dliche Gewalt anzuwenden.<\/p>\n<p>Es ist Zeit, die Belagerung des Gazastreifen zu beenden, der\u00a0 den<br \/>\nBewohnern nur schweres Leid zuf\u00fcgt. Heute hat die israelische Regierung<br \/>\nmit eigenen H\u00e4nden die Maske von ihrem Gesicht genommen und damit klar<br \/>\ngemacht, dass Israel sich noch nicht vom Gazastreifen \u201egetrennt\u201c hat.<br \/>\nWirkliche Trennung von einem Gebiet kann nicht bedeuten, dass weiter der<br \/>\nZugang zu ihm\u00a0 blockiert wird oder Soldaten geschickt werden, um auf die<br \/>\nzu schie\u00dfen, sie zu t\u00f6ten und zu verletzen, die\u00a0 versuchen, dorthin zu<br \/>\ngelangen.<\/p>\n<p>Der Staat Israel versprach in den Oslo-Abkommen vor 17 Jahren, die<br \/>\nErrichtung eines tiefen Seehafens in Gaza zu erm\u00f6glichen, durch den die<br \/>\nPal\u00e4stinenser\u00a0 frei im- und exportieren und ihre Wirtschaft entwickeln<br \/>\nk\u00f6nnen. Es wird Zeit, diese Verpflichtung zu realisieren und den Hafen<br \/>\nvon Gaza zu \u00f6ffnen. Erst wenn der Gazahafen\u00a0\u00a0 f\u00fcr freie und ungest\u00f6rte<br \/>\nBewegung offen sein wird, genau wie der Hafen von Haifa und Ashdod, wird<br \/>\nsich Israel vom Gazastreifen getrennt haben. Bis dahin wird die Welt<br \/>\nweiterhin \u2013 zurecht \u2013 den Gazastreifen unter israelischer Besatzung<br \/>\nansehen und den Staat Israel verantwortlich f\u00fcr das Schicksal der dort<br \/>\nlebenden Menschen.<\/p>\n<p>(dt. Ellen Rohlfs)<\/p>\n<p>Contact: Uri Avnery 0505-306449<br \/>\n<a href=\"http:\/\/www.avnery-news.co.il\/\">http:\/\/www.avnery-news.co.il\/<\/a><br \/>\n<a href=\"http:\/\/www.uri-avnery.de\/\">http:\/\/www.uri-avnery.de\/<\/a><\/p>\n<p>Adam Keller, Gush Shalom spokesman 03-5565804 or 054-2340749<br \/>\nCoalition Against the Siege Yacov &#8211; 050-5733276, 09-7670801, Sebastian<br \/>\n-050-6846056<\/p>\n<p>Greta Berlin\u00a0 spokeswoman for flotilla organizers<br \/>\n35799187275<\/p>\n<p><a href=\"http:\/\/www.freegaza.org\/\">www.freegaza.org<\/a><\/p>\n","protected":false},"excerpt":{"rendered":"<p>Pressemitteilung, 31.5.10 Ein kriegs\u00e4hnlicher\u00a0 Angriff gegen Schiffe mit Hilfslieferungen und t\u00f6dliche Sch\u00fcsse auf Friedensaktivisten und Aktivisten humanit\u00e4rer Hilfe. Uri Avnery In dieser Nacht wurde mitten\u00a0 auf dem Meer ein Verbrechen\u00a0 begangen \u2013 auf Befehl der Regierung Israels und dem IDF-Kommando.<\/p>\n","protected":false},"author":1,"featured_media":0,"comment_status":"open","ping_status":"open","sticky":false,"template":"","format":"standard","meta":{"footnotes":""},"categories":[5],"tags":[],"class_list":["post-1283","post","type-post","status-publish","format-standard","hentry","category-arabischer-raum"],"_links":{"self":[{"href":"https:\/\/www.friedensplattform.at\/index.php?rest_route=\/wp\/v2\/posts\/1283","targetHints":{"allow":["GET"]}}],"collection":[{"href":"https:\/\/www.friedensplattform.at\/index.php?rest_route=\/wp\/v2\/posts"}],"about":[{"href":"https:\/\/www.friedensplattform.at\/index.php?rest_route=\/wp\/v2\/types\/post"}],"author":[{"embeddable":true,"href":"https:\/\/www.friedensplattform.at\/index.php?rest_route=\/wp\/v2\/users\/1"}],"replies":[{"embeddable":true,"href":"https:\/\/www.friedensplattform.at\/index.php?rest_route=%2Fwp%2Fv2%2Fcomments&post=1283"}],"version-history":[{"count":0,"href":"https:\/\/www.friedensplattform.at\/index.php?rest_route=\/wp\/v2\/posts\/1283\/revisions"}],"wp:attachment":[{"href":"https:\/\/www.friedensplattform.at\/index.php?rest_route=%2Fwp%2Fv2%2Fmedia&parent=1283"}],"wp:term":[{"taxonomy":"category","embeddable":true,"href":"https:\/\/www.friedensplattform.at\/index.php?rest_route=%2Fwp%2Fv2%2Fcategories&post=1283"},{"taxonomy":"post_tag","embeddable":true,"href":"https:\/\/www.friedensplattform.at\/index.php?rest_route=%2Fwp%2Fv2%2Ftags&post=1283"}],"curies":[{"name":"wp","href":"https:\/\/api.w.org\/{rel}","templated":true}]}}