{"id":1285,"date":"2010-05-31T20:25:42","date_gmt":"2010-05-31T18:25:42","guid":{"rendered":"http:\/\/www.luxorbis.org\/friedensplattform.at\/?p=1285"},"modified":"2010-05-31T20:25:42","modified_gmt":"2010-05-31T18:25:42","slug":"israel-gaza-hilfskonvoi-treffen-krebsenkeller-di-1-juni-20-uhr","status":"publish","type":"post","link":"https:\/\/www.friedensplattform.at\/?p=1285","title":{"rendered":"ISRAEL GAZA HILFSKONVOI Treffen Krebsenkeller Di. 1. Juni 20 Uhr"},"content":{"rendered":"<p>Liebe AktivistInnen,<\/p>\n<p>EINLADUNG ZU EINER BESPRECHUNG\u00a0 am Di. 1. Juni\u00a0 von 20 bis 22 Uhr im<br \/>\nGasthof Krebsenkeller ; Sackgasse, gegen\u00fcber vom Kastner ( Nebengeb\u00e4ude<br \/>\nlinks)<br \/>\nhinsichtlich einer Solidarit\u00e4tsaktion in Graz eventuell am kommenden<br \/>\nFreitag oder Samstag<br \/>\n<!--more--><br \/>\nwegen des Angriffs der israelischen Streitkr\u00e4fte auf den<br \/>\ninternationalen Hilfskonvoi f\u00fcr Gaza, in dessen Folge zahlreiche<br \/>\nMenschen get\u00f6tet oder verletzt wurden.<\/p>\n<p>Fest steht, dass die Schiffe sich in internationalen Gew\u00e4ssern befanden,<br \/>\nals sie in der Nacht zum Montag von der israelischen Marine \u00fcberfallen<br \/>\nwurden.<\/p>\n<p>Als Steirische Friedensplattform ergreifen wir die Initiative und<br \/>\nm\u00f6chten alle jene, die sich mit dieser Schiffskonvoi-aktion solidarisch<br \/>\nf\u00fchlen und jetzt gegen das Vorgehen der israelischen Armee protestieren<br \/>\nm\u00f6chten, sich aktiv an den Vorbereitungen einer Aktion in Graz zu<br \/>\nbeteiligen.Da weniger als 24 Stunden zwischen Aussendung und Termin<br \/>\nsind, bitten wir euch so viele Gruppen, Bekannte, wie m\u00f6glich auch<br \/>\ndar\u00fcber zu informieren.<\/p>\n<p>mit freundlichen Gr\u00fcssen<br \/>\nFranz S\u00f6lkner\u00a0\u00a0\u00a0\u00a0\u00a0\u00a0\u00a0 Johann Sch\u00f6gler<\/p>\n","protected":false},"excerpt":{"rendered":"<p>Liebe AktivistInnen, EINLADUNG ZU EINER BESPRECHUNG\u00a0 am Di. 1. Juni\u00a0 von 20 bis 22 Uhr im Gasthof Krebsenkeller ; Sackgasse, gegen\u00fcber vom Kastner ( Nebengeb\u00e4ude links) hinsichtlich einer Solidarit\u00e4tsaktion in Graz eventuell am kommenden Freitag oder Samstag<\/p>\n","protected":false},"author":1,"featured_media":0,"comment_status":"open","ping_status":"open","sticky":false,"template":"","format":"standard","meta":{"footnotes":""},"categories":[5],"tags":[],"class_list":["post-1285","post","type-post","status-publish","format-standard","hentry","category-arabischer-raum"],"_links":{"self":[{"href":"https:\/\/www.friedensplattform.at\/index.php?rest_route=\/wp\/v2\/posts\/1285","targetHints":{"allow":["GET"]}}],"collection":[{"href":"https:\/\/www.friedensplattform.at\/index.php?rest_route=\/wp\/v2\/posts"}],"about":[{"href":"https:\/\/www.friedensplattform.at\/index.php?rest_route=\/wp\/v2\/types\/post"}],"author":[{"embeddable":true,"href":"https:\/\/www.friedensplattform.at\/index.php?rest_route=\/wp\/v2\/users\/1"}],"replies":[{"embeddable":true,"href":"https:\/\/www.friedensplattform.at\/index.php?rest_route=%2Fwp%2Fv2%2Fcomments&post=1285"}],"version-history":[{"count":0,"href":"https:\/\/www.friedensplattform.at\/index.php?rest_route=\/wp\/v2\/posts\/1285\/revisions"}],"wp:attachment":[{"href":"https:\/\/www.friedensplattform.at\/index.php?rest_route=%2Fwp%2Fv2%2Fmedia&parent=1285"}],"wp:term":[{"taxonomy":"category","embeddable":true,"href":"https:\/\/www.friedensplattform.at\/index.php?rest_route=%2Fwp%2Fv2%2Fcategories&post=1285"},{"taxonomy":"post_tag","embeddable":true,"href":"https:\/\/www.friedensplattform.at\/index.php?rest_route=%2Fwp%2Fv2%2Ftags&post=1285"}],"curies":[{"name":"wp","href":"https:\/\/api.w.org\/{rel}","templated":true}]}}