{"id":1298,"date":"2010-06-04T10:45:23","date_gmt":"2010-06-04T08:45:23","guid":{"rendered":"http:\/\/www.luxorbis.org\/friedensplattform.at\/?p=1298"},"modified":"2010-06-04T10:45:23","modified_gmt":"2010-06-04T08:45:23","slug":"europaeisches-sozialforum-esf-1-4-juli-istanbul","status":"publish","type":"post","link":"https:\/\/www.friedensplattform.at\/?p=1298","title":{"rendered":"EUROP&#196;ISCHES SOZIALFORUM (ESF) 1.-4.JULI ISTANBUL"},"content":{"rendered":"<p>Von 1.-4. Juli findet in Istanbul das Europ\u00e4ische Sozialforum ( ESF ) statt. Die aktuellen \u00f6konomischen, sozialen und \u00f6kologischen\u00a0Krisen des globalen Kapitalismus werden zentrales Thema sein, ebenso die Abwehrma\u00dfnahmen gegen die \u00a0allenorts in Gang\u00a0gesetzten\u00a0&#8220; Sparma\u00dfnahmen&#8220; ( &#8220; Wir zahlen nicht f\u00fcr Eure Krise&#8220;).<\/p>\n<p>Zweifelsohne wird auch\u00a0das j\u00fcngste Blutbad der israelischen Regierung\u00a0und Armee an den TeilnehmerInnen der &#8220; Friedensflotte&#8220; und die allgemeine Unterdr\u00fcckungs- und Besetzungspolitik Israels gegen\u00fcber den Pal\u00e4stinenserInnen Gegenstand vieler Diskussionen sein.<\/p>\n<p>ISTANBUL WIRD ALSO \u00a0IN JEDER HINSICHT SPANNEND! Etliche FreundInnen aus \u00d6sterreich haben sich bereits entschieden zum ESF zu fahren. Wer an \u00a0Informatinen \u00fcber das ESF interessiert ist, findet sie unter:<\/p>\n<p><a href=\"http:\/\/www.esf2010.org\/\">www.esf2010.org<\/a> oder kann sie auch \u00fcber mich erhalten.<\/p>\n<p>Mit solidarischen Gr\u00fc\u00dfen<\/p>\n<p>Hermann Dworczak ( Aktivist im Austrian Social Forum\/ ASF; 0676 \/ 972 31 10 )<\/p>\n","protected":false},"excerpt":{"rendered":"<p>Von 1.-4. Juli findet in Istanbul das Europ\u00e4ische Sozialforum ( ESF ) statt. Die aktuellen \u00f6konomischen, sozialen und \u00f6kologischen\u00a0Krisen des globalen Kapitalismus werden zentrales Thema sein, ebenso die Abwehrma\u00dfnahmen gegen die \u00a0allenorts in Gang\u00a0gesetzten\u00a0&#8220; Sparma\u00dfnahmen&#8220; ( &#8220; Wir zahlen nicht f\u00fcr Eure Krise&#8220;). Zweifelsohne wird auch\u00a0das j\u00fcngste Blutbad der israelischen Regierung\u00a0und Armee an den TeilnehmerInnen &hellip; <a href=\"https:\/\/www.friedensplattform.at\/?p=1298\" class=\"more-link\"><span class=\"screen-reader-text\">EUROP&#196;ISCHES SOZIALFORUM (ESF) 1.-4.JULI ISTANBUL<\/span> weiterlesen <span class=\"meta-nav\">&rarr;<\/span><\/a><\/p>\n","protected":false},"author":1,"featured_media":0,"comment_status":"open","ping_status":"open","sticky":false,"template":"","format":"standard","meta":{"footnotes":""},"categories":[7],"tags":[],"class_list":["post-1298","post","type-post","status-publish","format-standard","hentry","category-asf-bewegung"],"_links":{"self":[{"href":"https:\/\/www.friedensplattform.at\/index.php?rest_route=\/wp\/v2\/posts\/1298","targetHints":{"allow":["GET"]}}],"collection":[{"href":"https:\/\/www.friedensplattform.at\/index.php?rest_route=\/wp\/v2\/posts"}],"about":[{"href":"https:\/\/www.friedensplattform.at\/index.php?rest_route=\/wp\/v2\/types\/post"}],"author":[{"embeddable":true,"href":"https:\/\/www.friedensplattform.at\/index.php?rest_route=\/wp\/v2\/users\/1"}],"replies":[{"embeddable":true,"href":"https:\/\/www.friedensplattform.at\/index.php?rest_route=%2Fwp%2Fv2%2Fcomments&post=1298"}],"version-history":[{"count":0,"href":"https:\/\/www.friedensplattform.at\/index.php?rest_route=\/wp\/v2\/posts\/1298\/revisions"}],"wp:attachment":[{"href":"https:\/\/www.friedensplattform.at\/index.php?rest_route=%2Fwp%2Fv2%2Fmedia&parent=1298"}],"wp:term":[{"taxonomy":"category","embeddable":true,"href":"https:\/\/www.friedensplattform.at\/index.php?rest_route=%2Fwp%2Fv2%2Fcategories&post=1298"},{"taxonomy":"post_tag","embeddable":true,"href":"https:\/\/www.friedensplattform.at\/index.php?rest_route=%2Fwp%2Fv2%2Ftags&post=1298"}],"curies":[{"name":"wp","href":"https:\/\/api.w.org\/{rel}","templated":true}]}}