{"id":1308,"date":"2010-06-14T18:38:45","date_gmt":"2010-06-14T16:38:45","guid":{"rendered":"http:\/\/www.luxorbis.org\/friedensplattform.at\/?p=1308"},"modified":"2010-06-14T18:38:45","modified_gmt":"2010-06-14T16:38:45","slug":"kommission-israelpalaestina-von-pax-christi-oesterreich","status":"publish","type":"post","link":"https:\/\/www.friedensplattform.at\/?p=1308","title":{"rendered":"Kommission Israel\/Pal&#228;stina von Pax Christi &#214;sterreich"},"content":{"rendered":"<p>Im Namen von Pax Christi Steiermark sende ich das MEMORANDUM (=Grundsatzpapier), das am 13.3.2010\u00a0 von\u00a0 der Generalversammlung von<br \/>\nPax Christi \u00d6sterreich in Linz beschlossen wurde, an die Steirische Friedensplattform. Wir freuen uns, dass die steirische Friedensplattform<br \/>\nunser Grundsatzpapier kennenlernen und weiterverbreiten m\u00f6chte.<br \/>\nMit herzlichem Gru\u00df<br \/>\nRudi Jopp (Vorstandsmitglied von Pax Christi Steiermark)<\/p>\n<p>Memorandum<br \/>\nVorbemerkungen<br \/>\nAls Kommission Israel\/Pal\u00e4stina der \u00f6sterreichischen Sektion von Pax  Christi ist es unser Anliegen, die<br \/>\nHintergr\u00fcnde f\u00fcr den Konflikt, der Israelis und Pal\u00e4stinenserInnen in  Angst und Schrecken versetzt, besser zu<br \/>\nverstehen und entsprechend zu handeln.<\/p>\n<p><a href=\"http:\/\/www.luxorbis.org\/friedensplattform.at\/wp-content\/uploads\/2010\/06\/Memorandum-Israel-u.-Pal\u00e4stina-13.03.2010.pdf\">Memorandum Israel u. Pal\u00e4stina 13.03.2010<\/a><\/p>\n","protected":false},"excerpt":{"rendered":"<p>Im Namen von Pax Christi Steiermark sende ich das MEMORANDUM (=Grundsatzpapier), das am 13.3.2010\u00a0 von\u00a0 der Generalversammlung von Pax Christi \u00d6sterreich in Linz beschlossen wurde, an die Steirische Friedensplattform. Wir freuen uns, dass die steirische Friedensplattform unser Grundsatzpapier kennenlernen und weiterverbreiten m\u00f6chte. Mit herzlichem Gru\u00df Rudi Jopp (Vorstandsmitglied von Pax Christi Steiermark) Memorandum Vorbemerkungen Als &hellip; <a href=\"https:\/\/www.friedensplattform.at\/?p=1308\" class=\"more-link\"><span class=\"screen-reader-text\">Kommission Israel\/Pal&#228;stina von Pax Christi &#214;sterreich<\/span> weiterlesen <span class=\"meta-nav\">&rarr;<\/span><\/a><\/p>\n","protected":false},"author":1,"featured_media":0,"comment_status":"open","ping_status":"open","sticky":false,"template":"","format":"standard","meta":{"footnotes":""},"categories":[5],"tags":[],"class_list":["post-1308","post","type-post","status-publish","format-standard","hentry","category-arabischer-raum"],"_links":{"self":[{"href":"https:\/\/www.friedensplattform.at\/index.php?rest_route=\/wp\/v2\/posts\/1308","targetHints":{"allow":["GET"]}}],"collection":[{"href":"https:\/\/www.friedensplattform.at\/index.php?rest_route=\/wp\/v2\/posts"}],"about":[{"href":"https:\/\/www.friedensplattform.at\/index.php?rest_route=\/wp\/v2\/types\/post"}],"author":[{"embeddable":true,"href":"https:\/\/www.friedensplattform.at\/index.php?rest_route=\/wp\/v2\/users\/1"}],"replies":[{"embeddable":true,"href":"https:\/\/www.friedensplattform.at\/index.php?rest_route=%2Fwp%2Fv2%2Fcomments&post=1308"}],"version-history":[{"count":0,"href":"https:\/\/www.friedensplattform.at\/index.php?rest_route=\/wp\/v2\/posts\/1308\/revisions"}],"wp:attachment":[{"href":"https:\/\/www.friedensplattform.at\/index.php?rest_route=%2Fwp%2Fv2%2Fmedia&parent=1308"}],"wp:term":[{"taxonomy":"category","embeddable":true,"href":"https:\/\/www.friedensplattform.at\/index.php?rest_route=%2Fwp%2Fv2%2Fcategories&post=1308"},{"taxonomy":"post_tag","embeddable":true,"href":"https:\/\/www.friedensplattform.at\/index.php?rest_route=%2Fwp%2Fv2%2Ftags&post=1308"}],"curies":[{"name":"wp","href":"https:\/\/api.w.org\/{rel}","templated":true}]}}