{"id":132,"date":"2007-05-05T13:06:01","date_gmt":"2007-05-05T11:06:01","guid":{"rendered":"http:\/\/www.luxorbis.org\/friedensplattform.at\/?p=132"},"modified":"2007-05-05T13:06:01","modified_gmt":"2007-05-05T11:06:01","slug":"hinweis-auf-eine-veranstaltung-des-solidaritatskomitee-fur-palastina","status":"publish","type":"post","link":"https:\/\/www.friedensplattform.at\/?p=132","title":{"rendered":"Hinweis auf eine Veranstaltung des \u201cSolidarit&#228;tskomitee f&#252;r Pal&#228;stina\u201d"},"content":{"rendered":"<p>Fr.11.Mai &#8211; FILMABEND &#8222;Arnas Kinder&#8220;-Theater der Unterdr\u00fcckten mit Kindern aus dem Fl\u00fcchtingslager; SOMMERFILMREIHE PAL\u00c4STINA<br \/>\n<!--more-->_____________________________________________________________________________<\/p>\n<p>Das Solidarit\u00e4tskomitee f\u00fcr Pal\u00e4stina pr\u00e4sentiert<br \/>\nim Rahmen der SOMMERFILMREIHE PAL\u00c4STINA:<\/p>\n<p>ARNAS KINDER &#8211; Theater der Unterdr\u00fcckten mit Kindern aus dem Fl\u00fcchtingslager<br \/>\nFreitag, 11. Mai<br \/>\nBeginn: 19:00 Uhr<br \/>\nUnversit\u00e4tszentrum Wall<br \/>\nMerangasse 70 (Haltestelle Bus Nr. 63 : &#8222;Nibelungengasse&#8220;)<br \/>\nEintritt frei !<br \/>\nZum Abschluss wird ein kleines Buffet geboten.<\/p>\n<p>siehe Filmplakat im Anhang<\/p>\n<p>***<br \/>\nARNAS KINDER<br \/>\nEin Film von Juliano Mer-Khamis, Pal\u00e4stina 2003<\/p>\n<p>Juliano Mer-Khamis ist ein Schauspieler und Regisseur mit pal\u00e4stinensischen und j\u00fcdischen Wurzeln aus Haifa. Anfang der 90er Jahre arbeitete er beim Theaterprojekt seiner Mutter Arna zur Unterst\u00fctzung von Kindern im Fl\u00fcchtlingslager Jenin (besetzte Westbank) mit.<\/p>\n<p>Nach dem Tod der Mutter versucht er unter schwierigen Bedingungen, die Verbindung zu den Kindern aufrechtzuerhalten. Als er nach der Invasion der israelischen Milit\u00e4rs im April 2002 einige \u00dcberlebende unter den Mitwirkenden der Theatergruppe wiedersieht, k\u00e4mpfen sie ums nackte \u00dcberleben. Sein Filmbericht ruft weltweit Ersch\u00fctterung hervor, die ohne politische Konsequenzen bleibt.<\/p>\n<p>Im Sommer 2005 beschlie\u00dft er mit Freunden aus Jenin, London, Stockholm und Haifa, die Arbeit seiner Mutter fortzusetzen und ein neues Kindertheater in Jenin ins Leben zu rufen. Die neu geschaffene Kindertheatergruppe tourt jetzt auch durch Europa<\/p>\n<p>*N\u00c4HERE INFOS unter www.soli-graz.org<\/p>\n<p>*TRAILER zum Film,<br \/>\nFOTOS n\u00e4here  Informationen zum FREEDOMTHEATRE<br \/>\nunter http:\/\/www.thefreedomtheatre.org\/<\/p>\n<p>*OFFENER BRIEF des Regisseurs Juliano Mer Khamis an den Knessetabgeordneten Dr. Azmi Bishara; siehe Rubrik &#8222;Berichte und Texte&#8220; oder http:\/\/electronicintifada.net\/v2\/article6847.shtml.<\/p>\n<p>***FILMABEND***<br \/>\nFreitag, 11. Mai<br \/>\nBeginn: 19:00 Uhr<br \/>\nUnversit\u00e4tszentrum Wall<br \/>\nMerangasse 70 (Haltestelle Bus Nr. 63 : Nibelungengasse; Tram Nr.3: Schillerplatz)<br \/>\nEintritt frei !<br \/>\nZum Abschluss wird ein kleines Buffet geboten.<\/p>\n<p>Eine Veranstaltung des Solidarit\u00e4tskomitee Pal\u00e4stina<br \/>\nmit freundlicher Unterst\u00fctzung der \u00d6H der KF-Uni-Graz<\/p>\n<p><a href=\"http:\/\/www.luxorbis.org\/friedensplattform.at\/wp-content\/uploads\/2007\/08\/filmabend-arnas-kinder.jpg\" title=\"Flugblatt_Arnas_Kinder\"><img decoding=\"async\" src=\"http:\/\/www.luxorbis.org\/friedensplattform.at\/wp-content\/uploads\/2007\/08\/filmabend-arnas-kinder.thumbnail.jpg\" alt=\"Flugblatt_Arnas_Kinder\" \/><\/a><\/p>\n","protected":false},"excerpt":{"rendered":"<p>Fr.11.Mai &#8211; FILMABEND &#8222;Arnas Kinder&#8220;-Theater der Unterdr\u00fcckten mit Kindern aus dem Fl\u00fcchtingslager; SOMMERFILMREIHE PAL\u00c4STINA<\/p>\n","protected":false},"author":1,"featured_media":0,"comment_status":"open","ping_status":"open","sticky":false,"template":"","format":"standard","meta":{"footnotes":""},"categories":[5],"tags":[],"class_list":["post-132","post","type-post","status-publish","format-standard","hentry","category-arabischer-raum"],"_links":{"self":[{"href":"https:\/\/www.friedensplattform.at\/index.php?rest_route=\/wp\/v2\/posts\/132","targetHints":{"allow":["GET"]}}],"collection":[{"href":"https:\/\/www.friedensplattform.at\/index.php?rest_route=\/wp\/v2\/posts"}],"about":[{"href":"https:\/\/www.friedensplattform.at\/index.php?rest_route=\/wp\/v2\/types\/post"}],"author":[{"embeddable":true,"href":"https:\/\/www.friedensplattform.at\/index.php?rest_route=\/wp\/v2\/users\/1"}],"replies":[{"embeddable":true,"href":"https:\/\/www.friedensplattform.at\/index.php?rest_route=%2Fwp%2Fv2%2Fcomments&post=132"}],"version-history":[{"count":0,"href":"https:\/\/www.friedensplattform.at\/index.php?rest_route=\/wp\/v2\/posts\/132\/revisions"}],"wp:attachment":[{"href":"https:\/\/www.friedensplattform.at\/index.php?rest_route=%2Fwp%2Fv2%2Fmedia&parent=132"}],"wp:term":[{"taxonomy":"category","embeddable":true,"href":"https:\/\/www.friedensplattform.at\/index.php?rest_route=%2Fwp%2Fv2%2Fcategories&post=132"},{"taxonomy":"post_tag","embeddable":true,"href":"https:\/\/www.friedensplattform.at\/index.php?rest_route=%2Fwp%2Fv2%2Ftags&post=132"}],"curies":[{"name":"wp","href":"https:\/\/api.w.org\/{rel}","templated":true}]}}