{"id":1341,"date":"2010-08-21T17:18:36","date_gmt":"2010-08-21T15:18:36","guid":{"rendered":"http:\/\/www.luxorbis.org\/friedensplattform.at\/?p=1341"},"modified":"2010-08-21T17:18:36","modified_gmt":"2010-08-21T15:18:36","slug":"httpwww-demokratie-retten-at","status":"publish","type":"post","link":"https:\/\/www.friedensplattform.at\/?p=1341","title":{"rendered":"http:\/\/www.demokratie-retten.at\/"},"content":{"rendered":"<div><strong>Liebe\u00a0Freunde!<\/strong><\/div>\n<div><strong><br \/>\nWie ihr wisst geht seit Monaten in Wiener Neustadt ein  politischer Monsterprozess gegen\u00a013\u00a0TierrechtlerInnen \u00a0\u00fcber die  B\u00fchne.\u00a0Der Vorwurf lautet auf Verstoss gegen den \u00a0\u00a7278a &#8211; Verbot der  Bildung einer kriminellen Organsiation. <\/strong><\/div>\n<div><strong><!--more--><br \/>\n<\/strong><\/div>\n<p><strong> <\/strong><\/p>\n<div><strong>Auch friedenspolitisch arbeitende Gruppen, wie die unsere sind  betroffen: Sollte es etwa einmal einen von unbekannten Personen ausgef\u00fchrten  kriminellen Anschlag auf eine Einrichtung geben, die auch in einem Zusammenhang  mit den Inhalten\u00a0unserer\u00a0politischen Arbeit steht (z.B. eine  Milt\u00e4reinrichtung, eine Waffenfabrik, das Konsulat eines kriegsf\u00fchrenden  Landes), so k\u00f6nnte es uns \u00e4hnlich ergehen wie den TierrechtlerInnen  &#8230;.<\/strong><\/div>\n<div><strong> <\/strong><\/div>\n<div><strong>Im\u00a0Herbst soll es im Nationalrat eine eine weitere Ausweitung  dieses problematischen Gesetzes geben.\u00a0\u00a0Dagegen\u00a0hat sich eine  Initiative gebildet, bestehend aus NGOlandes, d. h. Menschenrechts-,  Umweltschutz- und Tierschutzorganisationen, die sich allesamt bedroht f\u00fchlen.  Sie wollen eine\u00a0vern\u00fcnftige \u00c4nderung des Paragrafen zu erwirken. N\u00e4heres  findest du auf<\/strong><\/div>\n<div><strong><br \/>\n<\/strong><\/div>\n<div><strong> <\/strong><\/div>\n<div><strong><a href=\"http:\/\/www.demokratie-retten.at\/\"><span style=\"font-size: large;\">http:\/\/www.demokratie-retten.at\/<\/span><\/a><\/strong><\/div>\n<div><\/div>\n<div><strong>Ziel sind 10.000 Unterschriften. Bis jetzt ist erst ca. 1\/4  geschafft.<br \/>\n<\/strong><\/div>\n<p><strong> <\/strong><\/p>\n<div><strong>Wir sollten diese Aktion unterst\u00fctzen. Ich bitte Euch diese  Initiative zu unterst\u00fctzen und zahlreich an unsere Freundeskreise  weiterzuleiten. <\/strong><strong><br \/>\n<\/strong><\/div>\n<div><strong>Franz S\u00f6lkner<\/strong><\/div>\n<h2>Das Problem<\/h2>\n<p>Die Paragraphen 278ff des Strafgesetzbuches (StGB) wurden geschaffen, um  Menschenh\u00e4ndlerInnen, die Mafia oder TerroristInnen dingfest zu machen. In  letzter Zeit aber wurden die Paragraphen von der Exekutive mehrmals gegen  b\u00fcrgerliche Gruppen eingesetzt. Sie werden missbraucht, um Teile der  Zivilgesellschaft mundtot zu machen, wenn sie ihre Kritik an bestehenden  Verh\u00e4ltnissen zu laut und deutlich \u00e4u\u00dfern.<\/p>\n<p>Doch damit nicht genug: Im aktuell geplanten Terrorismuspr\u00e4ventionsgesetz  plant die Regierung jetzt sogar noch eine Versch\u00e4rfung. Mit dieser w\u00fcrden dann  nach b\u00fcrgelichen Gruppen erstmals auch JournalistInnen und Gewerkschaften in die  Schusslinie der Paragraphen 278ff StGB geraten.<\/p>\n<p><strong>Die Paragraphen 278ff StGB sind eine Gefahr f\u00fcr demokratische  Grundwerte unserer Gesellschaft.<\/strong><\/p>\n<p>Daher fordern wir die \u00f6sterreichische Bundesregierung dazu auf, eine  Generalreform der Paragraphen 278 StGB einzuleiten. Die Paragraphen 278ff m\u00fcssen  so pr\u00e4zise formuliert werden, dass sie gegen kriminellen Vereinigungen und  Terroristen anwendbar sind, nicht aber missbr\u00e4uchlich gegen kritische  Journalisten, NGOs und Gewerkschaften eingesetzt werden k\u00f6nnen.<\/p>\n<h3>Unterst\u00fctzen auch Sie unsere <a href=\"http:\/\/www.demokratie-retten.at\/protest.php\">Petition<\/a> an die  Regierung!<\/h3>\n<div><a href=\"http:\/\/www.demokratie-retten.at\/\">http:\/\/www.demokratie-retten.at\/<\/a><\/div>\n<div><span style=\"font-family: Arial; font-size: x-small;\">MfG,<br \/>\nFranz S\u00f6lkner<\/span><\/div>\n","protected":false},"excerpt":{"rendered":"<p>Liebe\u00a0Freunde! Wie ihr wisst geht seit Monaten in Wiener Neustadt ein politischer Monsterprozess gegen\u00a013\u00a0TierrechtlerInnen \u00a0\u00fcber die B\u00fchne.\u00a0Der Vorwurf lautet auf Verstoss gegen den \u00a0\u00a7278a &#8211; Verbot der Bildung einer kriminellen Organsiation.<\/p>\n","protected":false},"author":1,"featured_media":0,"comment_status":"open","ping_status":"open","sticky":false,"template":"","format":"standard","meta":{"footnotes":""},"categories":[1],"tags":[],"class_list":["post-1341","post","type-post","status-publish","format-standard","hentry","category-allgemein"],"_links":{"self":[{"href":"https:\/\/www.friedensplattform.at\/index.php?rest_route=\/wp\/v2\/posts\/1341","targetHints":{"allow":["GET"]}}],"collection":[{"href":"https:\/\/www.friedensplattform.at\/index.php?rest_route=\/wp\/v2\/posts"}],"about":[{"href":"https:\/\/www.friedensplattform.at\/index.php?rest_route=\/wp\/v2\/types\/post"}],"author":[{"embeddable":true,"href":"https:\/\/www.friedensplattform.at\/index.php?rest_route=\/wp\/v2\/users\/1"}],"replies":[{"embeddable":true,"href":"https:\/\/www.friedensplattform.at\/index.php?rest_route=%2Fwp%2Fv2%2Fcomments&post=1341"}],"version-history":[{"count":0,"href":"https:\/\/www.friedensplattform.at\/index.php?rest_route=\/wp\/v2\/posts\/1341\/revisions"}],"wp:attachment":[{"href":"https:\/\/www.friedensplattform.at\/index.php?rest_route=%2Fwp%2Fv2%2Fmedia&parent=1341"}],"wp:term":[{"taxonomy":"category","embeddable":true,"href":"https:\/\/www.friedensplattform.at\/index.php?rest_route=%2Fwp%2Fv2%2Fcategories&post=1341"},{"taxonomy":"post_tag","embeddable":true,"href":"https:\/\/www.friedensplattform.at\/index.php?rest_route=%2Fwp%2Fv2%2Ftags&post=1341"}],"curies":[{"name":"wp","href":"https:\/\/api.w.org\/{rel}","templated":true}]}}