{"id":1343,"date":"2010-08-21T17:19:55","date_gmt":"2010-08-21T15:19:55","guid":{"rendered":"http:\/\/www.luxorbis.org\/friedensplattform.at\/?p=1343"},"modified":"2010-08-21T17:19:55","modified_gmt":"2010-08-21T15:19:55","slug":"es-gab-keine-grosszuegigen-angebote-israels","status":"publish","type":"post","link":"https:\/\/www.friedensplattform.at\/?p=1343","title":{"rendered":"Es gab keine gro&#223;z&#252;gigen Angebote Israels"},"content":{"rendered":"<p>Es ist mir unverst\u00e4ndlich, weshalb die Kleine Zeitung in ihren redaktionsoffiziellen Kommentaren immer wieder unkritisch der Israelischen Propaganda auf den Leim geht.<\/p>\n<p>Es gab bisher keine &#8220; weitreichenden israelischen Angebote an die Pal\u00e4stinenserInnen&#8220;. Im Oslo-Friedensprozess hat Israel w\u00e4hrend der Verhandlungen durch seine fortgesetzte Siedlungspolitik in Ostjerusalem und der Westbank &#8222;jene Pizza aufgegessen \u00fcber die man zu verhandeln vorgab&#8220; (Michael Tarazi).<\/p>\n<p>Und Baraks angebliches gro\u00dfz\u00fcgiges Angebot von Camp David im Jahr 2000 haben selbst israelfreundliche aber kritische Beobachter wie Robert Malley, Clintons Sonderberater f\u00fcr arabisch-israelische Angelegenheiten, als Luftblasen und versuchte T\u00e4uschungsman\u00f6ver beschrieben.<\/p>\n<p>\u00dcber die entscheidenden Konfliktpunkte &#8222;Ostjerusalem&#8220; und die Verantwortung f\u00fcr die ethnischen S\u00e4uberungen von 750.000 Pal\u00e4stinenserinnen im Jahr 1948 und deren R\u00fcckkehr- oder Entsch\u00e4digungsrechte zu reden, lehnt Israel bis heute strikt ab.<\/p>\n<p>Auch Ben Gurion, den Staatsgr\u00fcnder Israels, sollte man nach den j\u00fcngeren Ver\u00f6ffentlichungen von kritischen israelischen Historikern (vor allem: Ilan Pappe) nicht mehr so unbefangen positiv zitieren. Die Quellen belegen deutlich dessen zentrale Verantwortung f\u00fcr die Massaker des Jahres 1948 in mehr als 30 arabischen D\u00f6rfern und die strategisch geplanten Massenvertreibungen.<\/p>\n<p>MfG,<\/p>\n<p>Franz S\u00f6lkner,<\/p>\n<p>Obmann der Steirischen Friedensplattform<\/p>\n","protected":false},"excerpt":{"rendered":"<p>Es ist mir unverst\u00e4ndlich, weshalb die Kleine Zeitung in ihren redaktionsoffiziellen Kommentaren immer wieder unkritisch der Israelischen Propaganda auf den Leim geht. Es gab bisher keine &#8220; weitreichenden israelischen Angebote an die Pal\u00e4stinenserInnen&#8220;. Im Oslo-Friedensprozess hat Israel w\u00e4hrend der Verhandlungen durch seine fortgesetzte Siedlungspolitik in Ostjerusalem und der Westbank &#8222;jene Pizza aufgegessen \u00fcber die man &hellip; <a href=\"https:\/\/www.friedensplattform.at\/?p=1343\" class=\"more-link\"><span class=\"screen-reader-text\">Es gab keine gro&#223;z&#252;gigen Angebote Israels<\/span> weiterlesen <span class=\"meta-nav\">&rarr;<\/span><\/a><\/p>\n","protected":false},"author":1,"featured_media":0,"comment_status":"open","ping_status":"open","sticky":false,"template":"","format":"standard","meta":{"footnotes":""},"categories":[5],"tags":[],"class_list":["post-1343","post","type-post","status-publish","format-standard","hentry","category-arabischer-raum"],"_links":{"self":[{"href":"https:\/\/www.friedensplattform.at\/index.php?rest_route=\/wp\/v2\/posts\/1343","targetHints":{"allow":["GET"]}}],"collection":[{"href":"https:\/\/www.friedensplattform.at\/index.php?rest_route=\/wp\/v2\/posts"}],"about":[{"href":"https:\/\/www.friedensplattform.at\/index.php?rest_route=\/wp\/v2\/types\/post"}],"author":[{"embeddable":true,"href":"https:\/\/www.friedensplattform.at\/index.php?rest_route=\/wp\/v2\/users\/1"}],"replies":[{"embeddable":true,"href":"https:\/\/www.friedensplattform.at\/index.php?rest_route=%2Fwp%2Fv2%2Fcomments&post=1343"}],"version-history":[{"count":0,"href":"https:\/\/www.friedensplattform.at\/index.php?rest_route=\/wp\/v2\/posts\/1343\/revisions"}],"wp:attachment":[{"href":"https:\/\/www.friedensplattform.at\/index.php?rest_route=%2Fwp%2Fv2%2Fmedia&parent=1343"}],"wp:term":[{"taxonomy":"category","embeddable":true,"href":"https:\/\/www.friedensplattform.at\/index.php?rest_route=%2Fwp%2Fv2%2Fcategories&post=1343"},{"taxonomy":"post_tag","embeddable":true,"href":"https:\/\/www.friedensplattform.at\/index.php?rest_route=%2Fwp%2Fv2%2Ftags&post=1343"}],"curies":[{"name":"wp","href":"https:\/\/api.w.org\/{rel}","templated":true}]}}