{"id":1346,"date":"2010-09-01T21:25:34","date_gmt":"2010-09-01T19:25:34","guid":{"rendered":"http:\/\/www.luxorbis.org\/friedensplattform.at\/?p=1346"},"modified":"2010-09-01T21:25:34","modified_gmt":"2010-09-01T19:25:34","slug":"oeffentliches-gespraech-mit-der-gruenen-eu-abgeordneten-ulrike-lunacek","status":"publish","type":"post","link":"https:\/\/www.friedensplattform.at\/?p=1346","title":{"rendered":"&#214;ffentliches Gespr&#228;ch mit der Gr&#252;nen EU-Abgeordneten Ulrike Lunacek"},"content":{"rendered":"<div>Einladung zum<\/div>\n<div><\/div>\n<div><strong>\u00f6ffentlichen Gespr\u00e4ch mit der Gr\u00fcnen EU-Abgeordneten Ulrike Lunacek<\/strong><\/div>\n<div>\u00fcber die Haltung der \u00f6sterreichischen und europ\u00e4ischen Gr\u00fcnen zum<\/div>\n<div><\/div>\n<div><strong>Konflikt in Nahost und die\u00a0notwendigen Voraussetzungen\u00a0einer Konfliktl\u00f6sung.<\/strong><\/div>\n<div><\/div>\n<div><strong>Montag, 6. September 2010; 16:00 Uhr<\/strong><\/div>\n<div><\/div>\n<div><strong>Gr\u00fcne Akademie, Graz, Paulustorgasse 3\/1<\/strong><\/div>\n<div>Zur Erkl\u00e4rung des Hintergrundes f\u00fcr dieses Gespr\u00e4ch<\/div>\n<div><span style=\"font-family: Arial; font-size: x-small;\"><strong><!--more--><br \/>\n<\/strong><\/span><\/div>\n<div>Wie kein anderer der aktuellen\u00a0Krisenherde weltweit,\u00a0tr\u00e4gt der seit Jahrzehnten ungel\u00f6ste Konflikt im Nahen Osten das Potential einer Gef\u00e4hrdung des globalen Friedens in sich. Aus diesem Grund besch\u00e4ftigt sich die Steirische Friedensplattform seit dem letzten Libanonkrieg (2006) schwerpunktm\u00e4ssig mit diesem Konfliktfeld. Zunehmend wuchs dabei auf unserer Seite das Bewu\u00dftsein, dass es ohne die L\u00f6sung der pal\u00e4stinensischen Frage keine\u00a0Friedensl\u00f6sung geben kann und diese\u00a0zun\u00e4chst vor allem eine \u00c4nderung der nationalistischen Politik Israels voraussetzt. Diese Voraussetzung wird es aber ohne starken internationalen politischen Druck auf Israel nicht geben. Auch wenn es die USA sind, die daf\u00fcr den enstcheidenden Schl\u00fcssel in den H\u00e4nden halten, so ist doch auch die Haltung der EU und der einzelnen europ\u00e4ischen Staaten\u00a0in diesem Zusammenhang\u00a0ebenfalls von Bedeutung.<\/div>\n<div>Die Friedensplattform hat daher beschlossen die ma\u00dfgeblichen Au\u00dfenpolitikerInnen der einzelnen \u00f6sterreichischen politischen Parteien der Reihe nach zu einem \u00f6ffentlichen Meinungsaustausch\u00a0einzuladen. Dem Gespr\u00e4ch mit der EU-Abgeordneten Lunacek werden daher in unregelm\u00e4\u00dfigen Abst\u00e4nden weitere Gespr\u00e4che mit anderen au\u00dfenpolitisch relevanten AkteurInnen folgen.<\/div>\n<div>MfG, Franz S\u00f6lkner<\/div>\n<div><span style=\"font-family: Arial; font-size: x-small;\"><a href=\"mailto:franz.soelkner@thalbeigraz.at\"><\/a> <\/span><\/div>\n","protected":false},"excerpt":{"rendered":"<p>Einladung zum \u00f6ffentlichen Gespr\u00e4ch mit der Gr\u00fcnen EU-Abgeordneten Ulrike Lunacek \u00fcber die Haltung der \u00f6sterreichischen und europ\u00e4ischen Gr\u00fcnen zum Konflikt in Nahost und die\u00a0notwendigen Voraussetzungen\u00a0einer Konfliktl\u00f6sung. Montag, 6. September 2010; 16:00 Uhr Gr\u00fcne Akademie, Graz, Paulustorgasse 3\/1 Zur Erkl\u00e4rung des Hintergrundes f\u00fcr dieses Gespr\u00e4ch<\/p>\n","protected":false},"author":1,"featured_media":0,"comment_status":"open","ping_status":"open","sticky":false,"template":"","format":"standard","meta":{"footnotes":""},"categories":[1,5],"tags":[],"class_list":["post-1346","post","type-post","status-publish","format-standard","hentry","category-allgemein","category-arabischer-raum"],"_links":{"self":[{"href":"https:\/\/www.friedensplattform.at\/index.php?rest_route=\/wp\/v2\/posts\/1346","targetHints":{"allow":["GET"]}}],"collection":[{"href":"https:\/\/www.friedensplattform.at\/index.php?rest_route=\/wp\/v2\/posts"}],"about":[{"href":"https:\/\/www.friedensplattform.at\/index.php?rest_route=\/wp\/v2\/types\/post"}],"author":[{"embeddable":true,"href":"https:\/\/www.friedensplattform.at\/index.php?rest_route=\/wp\/v2\/users\/1"}],"replies":[{"embeddable":true,"href":"https:\/\/www.friedensplattform.at\/index.php?rest_route=%2Fwp%2Fv2%2Fcomments&post=1346"}],"version-history":[{"count":0,"href":"https:\/\/www.friedensplattform.at\/index.php?rest_route=\/wp\/v2\/posts\/1346\/revisions"}],"wp:attachment":[{"href":"https:\/\/www.friedensplattform.at\/index.php?rest_route=%2Fwp%2Fv2%2Fmedia&parent=1346"}],"wp:term":[{"taxonomy":"category","embeddable":true,"href":"https:\/\/www.friedensplattform.at\/index.php?rest_route=%2Fwp%2Fv2%2Fcategories&post=1346"},{"taxonomy":"post_tag","embeddable":true,"href":"https:\/\/www.friedensplattform.at\/index.php?rest_route=%2Fwp%2Fv2%2Ftags&post=1346"}],"curies":[{"name":"wp","href":"https:\/\/api.w.org\/{rel}","templated":true}]}}