{"id":1358,"date":"2010-09-13T20:03:19","date_gmt":"2010-09-13T18:03:19","guid":{"rendered":"http:\/\/www.luxorbis.org\/friedensplattform.at\/?p=1358"},"modified":"2010-09-13T20:03:19","modified_gmt":"2010-09-13T18:03:19","slug":"egb-29-9-internationaler-aktionstag-gegen-die-kapitalistischen-krisen-mobilisierung-in-mehreren-staedten-oesterreichs-wiener-komitee-di-14-9-18h-amerlinghaus-wienaktualisiert","status":"publish","type":"post","link":"https:\/\/www.friedensplattform.at\/?p=1358","title":{"rendered":"EGB: 29.9. Internationaler Aktionstag gegen die kapitalistischen Krisen- Mobilisierung in mehreren Staedten &#214;sterreichs \/Wiener- Komitee: Di. 14.9.18h Amerlinghaus Wien(AKTUALISIERT!)"},"content":{"rendered":"<p>Der Europ\u00e4ische Gewerkschaftsbund (EGB ) hat f\u00fcr 29.September zu einem internationalen Aktionstag gegen die kapitalistischen Krisen aufgerufen. In Spanien und Griechenland sind Generalstreiks angesetzt, in Br\u00fcssel wird es eine Massendemonstration geben. In allen europ\u00e4ischen L\u00e4ndern kommt es zu Mobilisierungen.<\/p>\n<p><!--more--><\/p>\n<p>Das Europ\u00e4ische Sozialforum, das von 1.-4.Juli in Istanbul stattfand, hat ebenfalls zu gemeinsamen Aktionen mit den Gewerkschaften aufgerufen und mobilisiert von Spanien bis Ru\u00dfland und Ukraine.<\/p>\n<p>Der \u00d6GB wird in Br\u00fcssel mit 100 TeilnehmerInnen vertreten sein und stellt es den Einzelgewerkschaften frei mehr zu tun.<\/p>\n<p>Der 29.September ist ein ZENTRALER   Termin: \u00fcber Landesgrenzen hinweg wird Widerstand geleistet gegen die Profitlogik des Kapitals- in Zeiten in denen Rassismus und Rechtsextremismus m\u00e4chtig ins Kraut schie\u00dfen notwendiger denn je!<\/p>\n<p>Um so notwendiger ist es , da\u00df auch in \u00d6sterreich am 29. September ein starkes Zeichen erfolgt. Komitees von GewerkschafterInnen und Mitgliedern von Bewegungen haben in mehreren Staedten die Mobilisierung in Angriff genommen.<\/p>\n<p>In WIEN wird es gemeinsam mit work@social im Resselpark eine Kundgebung geben ( 16-19h).<\/p>\n<p>Das Wiener Komitee trifft sich  Dienstag den 14. September um 18h im Amerlinghaus 1070 Stiftgasse ( gro\u00dfer Raum- Eingang im Hof ).<\/p>\n<p>Das LINZER Buendnis  kommt MORGEN Montag 13. September um 18,30h im Gasthaus &#8222;Alte Welt&#8220;  zusammen.<\/p>\n<p>In GRAZ gibt es ein erstes Treffen am  Mittwoch den 15.9. im  Krebsenkeller. In Kaernten wird es eine Aktion geben. In weiteren  Bundesl\u00e4ndern ( z.B. Tirol) werden die M\u00f6glichkeiten einer Komitee- Gr\u00fcndung gepr\u00fcft. Bitte ergreift SELBST die Initiative und stellt bei EUCH etwas auf die Beine. Wir werden laufend ueber saemtliche Aktivitaeten  berichten.<\/p>\n<p>Mit solidarischen Gr\u00fc\u00dfen<\/p>\n<p>Hermann Dworczak ( Aktivist im Austrian Social Forum \/ ASF; 0676\/ 972 31 10 )<\/p>\n","protected":false},"excerpt":{"rendered":"<p>Der Europ\u00e4ische Gewerkschaftsbund (EGB ) hat f\u00fcr 29.September zu einem internationalen Aktionstag gegen die kapitalistischen Krisen aufgerufen. In Spanien und Griechenland sind Generalstreiks angesetzt, in Br\u00fcssel wird es eine Massendemonstration geben. In allen europ\u00e4ischen L\u00e4ndern kommt es zu Mobilisierungen.<\/p>\n","protected":false},"author":1,"featured_media":0,"comment_status":"open","ping_status":"open","sticky":false,"template":"","format":"standard","meta":{"footnotes":""},"categories":[7],"tags":[],"class_list":["post-1358","post","type-post","status-publish","format-standard","hentry","category-asf-bewegung"],"_links":{"self":[{"href":"https:\/\/www.friedensplattform.at\/index.php?rest_route=\/wp\/v2\/posts\/1358","targetHints":{"allow":["GET"]}}],"collection":[{"href":"https:\/\/www.friedensplattform.at\/index.php?rest_route=\/wp\/v2\/posts"}],"about":[{"href":"https:\/\/www.friedensplattform.at\/index.php?rest_route=\/wp\/v2\/types\/post"}],"author":[{"embeddable":true,"href":"https:\/\/www.friedensplattform.at\/index.php?rest_route=\/wp\/v2\/users\/1"}],"replies":[{"embeddable":true,"href":"https:\/\/www.friedensplattform.at\/index.php?rest_route=%2Fwp%2Fv2%2Fcomments&post=1358"}],"version-history":[{"count":0,"href":"https:\/\/www.friedensplattform.at\/index.php?rest_route=\/wp\/v2\/posts\/1358\/revisions"}],"wp:attachment":[{"href":"https:\/\/www.friedensplattform.at\/index.php?rest_route=%2Fwp%2Fv2%2Fmedia&parent=1358"}],"wp:term":[{"taxonomy":"category","embeddable":true,"href":"https:\/\/www.friedensplattform.at\/index.php?rest_route=%2Fwp%2Fv2%2Fcategories&post=1358"},{"taxonomy":"post_tag","embeddable":true,"href":"https:\/\/www.friedensplattform.at\/index.php?rest_route=%2Fwp%2Fv2%2Ftags&post=1358"}],"curies":[{"name":"wp","href":"https:\/\/api.w.org\/{rel}","templated":true}]}}