{"id":136,"date":"2007-05-12T19:08:21","date_gmt":"2007-05-12T17:08:21","guid":{"rendered":"http:\/\/www.luxorbis.org\/friedensplattform.at\/?p=136"},"modified":"2007-05-12T19:08:21","modified_gmt":"2007-05-12T17:08:21","slug":"12052007-schauble-sperrt-weg","status":"publish","type":"post","link":"https:\/\/www.friedensplattform.at\/?p=136","title":{"rendered":"12.05.2007: Sch&#228;uble sperrt weg"},"content":{"rendered":"<p><em>Ein Artikel in der jungen Welt:\u00a0<\/em><\/p>\n<p><font size=\"2\" face=\"Arial\"><font size=\"3\" face=\"Times New Roman\">Unter dem  Motto \u00bbJetzt erst recht: G-8-Proteste unterst\u00fctzen!\u00ab ruft \u00adATTAC zusammen  mit dem Bundesausschu\u00df Friedensratschlag, dem Netzwerk Friedenskooperative und  Pax Christi ausdr\u00fccklich zur Teilnahme an den Aktivit\u00e4ten gegen den G-8-Gipfel  in Heiligendamm auf. Nach den Gro\u00dfrazzien mobilisiert nun auch der Deutsche  Gewerkschaftsbund (DGB) seine Mitglieder an die Ostsee. Der DGB-Nord-Vorsitzende  Peter Deutschland warnte davor, Globalisierungskritiker zu kriminalisieren und  auszugrenzen: \u00bbOhne eine kritische Diskussion ist keine Demokratie m\u00f6glich.  Niemand, der mit friedlichen Mitteln auf die Fehlentwicklungen in dieser Welt  hinweist, darf in die N\u00e4he zu Terroristen ger\u00fcckt  werden.<\/font><\/font><\/p>\n<p><a target=\"_blank\" title=\"junge Welt\" href=\"http:\/\/www.jungewelt.de\/2007\/05-12\/057.php\">weiterlesen in der jungen Welt\u00a0<\/a><\/p>\n","protected":false},"excerpt":{"rendered":"<p>Ein Artikel in der jungen Welt:\u00a0 Unter dem Motto \u00bbJetzt erst recht: G-8-Proteste unterst\u00fctzen!\u00ab ruft \u00adATTAC zusammen mit dem Bundesausschu\u00df Friedensratschlag, dem Netzwerk Friedenskooperative und Pax Christi ausdr\u00fccklich zur Teilnahme an den Aktivit\u00e4ten gegen den G-8-Gipfel in Heiligendamm auf. Nach den Gro\u00dfrazzien mobilisiert nun auch der Deutsche Gewerkschaftsbund (DGB) seine Mitglieder an die Ostsee. Der &hellip; <a href=\"https:\/\/www.friedensplattform.at\/?p=136\" class=\"more-link\"><span class=\"screen-reader-text\">12.05.2007: Sch&#228;uble sperrt weg<\/span> weiterlesen <span class=\"meta-nav\">&rarr;<\/span><\/a><\/p>\n","protected":false},"author":1,"featured_media":0,"comment_status":"open","ping_status":"open","sticky":false,"template":"","format":"standard","meta":{"footnotes":""},"categories":[1],"tags":[],"class_list":["post-136","post","type-post","status-publish","format-standard","hentry","category-allgemein"],"_links":{"self":[{"href":"https:\/\/www.friedensplattform.at\/index.php?rest_route=\/wp\/v2\/posts\/136","targetHints":{"allow":["GET"]}}],"collection":[{"href":"https:\/\/www.friedensplattform.at\/index.php?rest_route=\/wp\/v2\/posts"}],"about":[{"href":"https:\/\/www.friedensplattform.at\/index.php?rest_route=\/wp\/v2\/types\/post"}],"author":[{"embeddable":true,"href":"https:\/\/www.friedensplattform.at\/index.php?rest_route=\/wp\/v2\/users\/1"}],"replies":[{"embeddable":true,"href":"https:\/\/www.friedensplattform.at\/index.php?rest_route=%2Fwp%2Fv2%2Fcomments&post=136"}],"version-history":[{"count":0,"href":"https:\/\/www.friedensplattform.at\/index.php?rest_route=\/wp\/v2\/posts\/136\/revisions"}],"wp:attachment":[{"href":"https:\/\/www.friedensplattform.at\/index.php?rest_route=%2Fwp%2Fv2%2Fmedia&parent=136"}],"wp:term":[{"taxonomy":"category","embeddable":true,"href":"https:\/\/www.friedensplattform.at\/index.php?rest_route=%2Fwp%2Fv2%2Fcategories&post=136"},{"taxonomy":"post_tag","embeddable":true,"href":"https:\/\/www.friedensplattform.at\/index.php?rest_route=%2Fwp%2Fv2%2Ftags&post=136"}],"curies":[{"name":"wp","href":"https:\/\/api.w.org\/{rel}","templated":true}]}}