{"id":1366,"date":"2010-09-26T20:34:57","date_gmt":"2010-09-26T18:34:57","guid":{"rendered":"http:\/\/www.luxorbis.org\/friedensplattform.at\/?p=1366"},"modified":"2010-09-26T20:34:57","modified_gmt":"2010-09-26T18:34:57","slug":"folder-fuer-protestmarsch-mi-29-september-2010-16uhr-eisernes-tor","status":"publish","type":"post","link":"https:\/\/www.friedensplattform.at\/?p=1366","title":{"rendered":"Folder f&#252;r Protestmarsch Mi. 29.September 2010, 16Uhr Eisernes Tor"},"content":{"rendered":"<p>Liebe AktivistInnen,<\/p>\n<p>anbei der Folder zum Protestmarsch in Graz \/Herrengasse<\/p>\n<p>WIR ZAHLEN NICHT F\u00dcR EURE KRISE<br \/>\n<strong><br \/>\nAm Mi. 29. September 16 bis 18 Uhr <\/strong><\/p>\n<p>Europ\u00e4ischer Aktionstag gegen die Krise<br \/>\nAusgerufen vom Europ\u00e4ischen Gewerkschaftsbund und unterst\u00fctzt von\u00a0 den\u00a0 Sozialen Bewegungen.<br \/>\n<!--more--><br \/>\nSammeln 15:30 bis 16 Uhr\u00a0 Eisernes Tor; erste Station vor der CA\u00a0 mit  Ansprachen bis 16:30;\u00a0 17 Uhr vor dem Landhaus, 17:30 vor der  Steierm\u00e4rkischen. 18 Uhr Hauptplatz\/Ecke Sporgasse<\/p>\n<p>anbei auch noch die Ank\u00fcndigung und das Plakat<\/p>\n<p>Wir bitten Euch die Mobilisierung per Mail aber auch \u00fcber pers\u00f6nliche  Kontakte zu organisieren.<br \/>\nJede Gruppe ist auch eingeladen eigenes Info-Material zu verteilen.<\/p>\n<p>mit bestem Dank<\/p>\n<p>Johann, Markus, Lisa, Wolfgang, Konrad, &#8230;.<\/p>\n<p><a href=\"http:\/\/www.luxorbis.org\/friedensplattform.at\/wp-content\/uploads\/2010\/09\/A5-flugblatt.pdf\">A5 flugblatt<\/a><\/p>\n<p><a href=\"http:\/\/www.luxorbis.org\/friedensplattform.at\/wp-content\/uploads\/2010\/09\/flugblatt-aktionstag_2910.pdf\">flugblatt aktionstag_2910<\/a><\/p>\n<p><a href=\"http:\/\/www.luxorbis.org\/friedensplattform.at\/wp-content\/uploads\/2010\/09\/plakat_CI_EGB_GRAZ_pr.pdf\">plakat_CI_EGB_GRAZ_pr<\/a><\/p>\n","protected":false},"excerpt":{"rendered":"<p>Liebe AktivistInnen, anbei der Folder zum Protestmarsch in Graz \/Herrengasse WIR ZAHLEN NICHT F\u00dcR EURE KRISE Am Mi. 29. September 16 bis 18 Uhr Europ\u00e4ischer Aktionstag gegen die Krise Ausgerufen vom Europ\u00e4ischen Gewerkschaftsbund und unterst\u00fctzt von\u00a0 den\u00a0 Sozialen Bewegungen.<\/p>\n","protected":false},"author":1,"featured_media":0,"comment_status":"open","ping_status":"open","sticky":false,"template":"","format":"standard","meta":{"footnotes":""},"categories":[1],"tags":[],"class_list":["post-1366","post","type-post","status-publish","format-standard","hentry","category-allgemein"],"_links":{"self":[{"href":"https:\/\/www.friedensplattform.at\/index.php?rest_route=\/wp\/v2\/posts\/1366","targetHints":{"allow":["GET"]}}],"collection":[{"href":"https:\/\/www.friedensplattform.at\/index.php?rest_route=\/wp\/v2\/posts"}],"about":[{"href":"https:\/\/www.friedensplattform.at\/index.php?rest_route=\/wp\/v2\/types\/post"}],"author":[{"embeddable":true,"href":"https:\/\/www.friedensplattform.at\/index.php?rest_route=\/wp\/v2\/users\/1"}],"replies":[{"embeddable":true,"href":"https:\/\/www.friedensplattform.at\/index.php?rest_route=%2Fwp%2Fv2%2Fcomments&post=1366"}],"version-history":[{"count":0,"href":"https:\/\/www.friedensplattform.at\/index.php?rest_route=\/wp\/v2\/posts\/1366\/revisions"}],"wp:attachment":[{"href":"https:\/\/www.friedensplattform.at\/index.php?rest_route=%2Fwp%2Fv2%2Fmedia&parent=1366"}],"wp:term":[{"taxonomy":"category","embeddable":true,"href":"https:\/\/www.friedensplattform.at\/index.php?rest_route=%2Fwp%2Fv2%2Fcategories&post=1366"},{"taxonomy":"post_tag","embeddable":true,"href":"https:\/\/www.friedensplattform.at\/index.php?rest_route=%2Fwp%2Fv2%2Ftags&post=1366"}],"curies":[{"name":"wp","href":"https:\/\/api.w.org\/{rel}","templated":true}]}}