{"id":1371,"date":"2010-10-10T22:52:39","date_gmt":"2010-10-10T20:52:39","guid":{"rendered":"http:\/\/www.luxorbis.org\/friedensplattform.at\/?p=1371"},"modified":"2010-10-10T22:52:39","modified_gmt":"2010-10-10T20:52:39","slug":"wiener-zeitung-berichtet-usa-ruesten-israel-mit-kampfjets-aus","status":"publish","type":"post","link":"https:\/\/www.friedensplattform.at\/?p=1371","title":{"rendered":"Wiener Zeitung berichtet: USA r&#252;sten Israel mit Kampfjets aus"},"content":{"rendered":"<p>Jerusalem\/New York\/Sirte. (is) Israel erh\u00e4lt von den USA 20 hochmoderne Tarnkappenj\u00e4ger. Es ist einer der wichtigsten US-Waffendeals zwischen beiden L\u00e4nder, der nun besiegelt wurde. Die von Radars nicht zu ortenden F-35-Kampfflugzeuge des US-Herstellers Lockheed Martin sollen 2016 ausgeliefert werden.<\/p>\n<p><a title=\"Wiener Zeitung\" href=\"http:\/\/www.wienerzeitung.at\/DesktopDefault.aspx?TabID=3856&amp;Alias=wzo&amp;cob=521384\" target=\"_blank\">Weiterlesen in der Wiener Zeitung<\/a><\/p>\n","protected":false},"excerpt":{"rendered":"<p>Jerusalem\/New York\/Sirte. (is) Israel erh\u00e4lt von den USA 20 hochmoderne Tarnkappenj\u00e4ger. Es ist einer der wichtigsten US-Waffendeals zwischen beiden L\u00e4nder, der nun besiegelt wurde. Die von Radars nicht zu ortenden F-35-Kampfflugzeuge des US-Herstellers Lockheed Martin sollen 2016 ausgeliefert werden. Weiterlesen in der Wiener Zeitung<\/p>\n","protected":false},"author":1,"featured_media":0,"comment_status":"open","ping_status":"open","sticky":false,"template":"","format":"standard","meta":{"footnotes":""},"categories":[5],"tags":[],"class_list":["post-1371","post","type-post","status-publish","format-standard","hentry","category-arabischer-raum"],"_links":{"self":[{"href":"https:\/\/www.friedensplattform.at\/index.php?rest_route=\/wp\/v2\/posts\/1371","targetHints":{"allow":["GET"]}}],"collection":[{"href":"https:\/\/www.friedensplattform.at\/index.php?rest_route=\/wp\/v2\/posts"}],"about":[{"href":"https:\/\/www.friedensplattform.at\/index.php?rest_route=\/wp\/v2\/types\/post"}],"author":[{"embeddable":true,"href":"https:\/\/www.friedensplattform.at\/index.php?rest_route=\/wp\/v2\/users\/1"}],"replies":[{"embeddable":true,"href":"https:\/\/www.friedensplattform.at\/index.php?rest_route=%2Fwp%2Fv2%2Fcomments&post=1371"}],"version-history":[{"count":0,"href":"https:\/\/www.friedensplattform.at\/index.php?rest_route=\/wp\/v2\/posts\/1371\/revisions"}],"wp:attachment":[{"href":"https:\/\/www.friedensplattform.at\/index.php?rest_route=%2Fwp%2Fv2%2Fmedia&parent=1371"}],"wp:term":[{"taxonomy":"category","embeddable":true,"href":"https:\/\/www.friedensplattform.at\/index.php?rest_route=%2Fwp%2Fv2%2Fcategories&post=1371"},{"taxonomy":"post_tag","embeddable":true,"href":"https:\/\/www.friedensplattform.at\/index.php?rest_route=%2Fwp%2Fv2%2Ftags&post=1371"}],"curies":[{"name":"wp","href":"https:\/\/api.w.org\/{rel}","templated":true}]}}