{"id":1373,"date":"2010-10-10T22:54:15","date_gmt":"2010-10-10T20:54:15","guid":{"rendered":"http:\/\/www.luxorbis.org\/friedensplattform.at\/?p=1373"},"modified":"2010-10-10T22:54:15","modified_gmt":"2010-10-10T20:54:15","slug":"8-konferenz-zivilgesellschaft","status":"publish","type":"post","link":"https:\/\/www.friedensplattform.at\/?p=1373","title":{"rendered":"8. Konferenz Zivilgesellschaft"},"content":{"rendered":"<p>Wir leiten gerne weiter:<\/p>\n<p><span style=\"color: #000080;\"><span style=\"font-size: small;\"><span style=\"font-size: medium;\"><span style=\"font-size: 16px;\"><span style=\"color: #000071;\">Info und                 Einladung zur:<\/span><\/span><\/span><\/p>\n<p><span style=\"font-size: medium;\"><span style=\"font-size: 16px;\"><strong>8. Konferenz                 Zivilgesellschaft<\/strong><\/span><\/span><\/p>\n<p><span style=\"font-size: medium;\"><span style=\"font-size: 16px;\"><span style=\"color: #800000; font-size: large;\"><strong>Wandel                   &#8211; global und lokal<\/strong><\/span><\/span><\/span><\/p>\n<p><span style=\"font-size: medium;\"><span style=\"font-size: 16px;\"><strong>19. &#8211; 21. November 2010<br \/>\nSchloss Zell an der Pram (O\u00d6)<\/strong><\/span><\/span><\/p>\n<p><span style=\"font-size: medium;\"><span style=\"font-size: 16px;\"><strong><!--more--><br \/>\n<\/strong><\/span><\/span><\/p>\n<p><span style=\"font-size: medium;\"><span style=\"font-size: 16px;\">Der Wandel unserer Erde und ihrer               Zivilisation ist eine Tatsache; \u00f6kologisch wie sozial!               Werden wir die damit verbundenen Herausforderungen aktiv               ergreifen oder bleiben wir bei einem z\u00f6gerlichen               Reagieren? Die Aufgaben stellen sich im Kleinen wie im               Gro\u00dfen &#8211; lokal und global: Vieles kann regional vor Ort               ge\u00e4ndert werden, nur mit dem \u201eBlick aufs Ganze\u201c und einem               tiefgreifenden Umdenken wird der Weg zur               lebensfreundlichen Alternative gefunden werden.<\/span><\/span><\/p>\n<p><span style=\"font-size: medium;\"><span style=\"font-size: 16px;\">Zu diesen Fragen wollen wir vom               19. bis zum 21. November im Schloss Zell an der Pram               zusammenkommen.<\/span><\/span><\/p>\n<p><span style=\"font-size: medium;\"><span style=\"font-size: 16px;\"><strong>Konferenzbeginn ist                 Freitag 16h (Registrierung ab 15h)<br \/>\nund endet am Sonntag um 13h (Abschluss mit gemeinsamen                 Essen)<\/strong><\/span><\/span><\/p>\n<p><span style=\"font-size: medium;\"><span style=\"font-size: 16px;\">Neben den vielf\u00e4ltigen Beitr\u00e4gen               der Mitglieder der <em>Initiative Zivilgesellschaft<\/em> wird es auch drei Gastbeitr\u00e4ge (von Christian Felber, Karl               Sieghartsleitner, Klaus Werner-Lobo) und Raum f\u00fcr               gemeinsame Gespr\u00e4che zum Konferenzthema geben.<\/span><\/span><\/p>\n<p><span style=\"font-size: medium;\"><span style=\"font-size: 16px;\">Das endg\u00fctltige Programm wird               vorraussichtilich Ende Oktober zur Verf\u00fcgung stehen.<\/span><\/span><\/p>\n<p><span style=\"font-size: medium;\"><span style=\"font-size: 16px;\"><strong>Weitere Informationen                 (Kosten, Verpflegung, Anreise, Orientierung,                 \u00dcbernachtung, &#8230;)\u00a0auf:<\/strong><\/span><\/span><\/p>\n<p><span style=\"font-size: medium;\"><span style=\"font-size: 16px;\"><a href=\"http:\/\/www.initiative-zivilgesellschaft.at\/\"><strong> <\/strong><\/a><a href=\"http:\/\/www.initiative-zivilgesellschaft.at\/\">http:\/\/www.initiative-zivilgesellschaft.at<\/a><\/span><\/span><\/p>\n<p><span style=\"font-size: medium;\"><span style=\"font-size: 16px;\"><strong><span style=\"color: #800000;\">Wir                   bitten um ANMELDUNG zur Konferenz auf der Webseite.<\/span><\/strong><\/span><\/span><\/p>\n<p><span style=\"font-size: medium;\"> <\/span><\/p>\n<p><\/span><\/span><span style=\"font-size: medium;\"><span style=\"font-size: 16px;\"><span style=\"color: #000071;\">Die           Konferenz der Initiative Zivilgesellschaft findet seit 2006           nun schon zum 8. mal statt. Sie bietet allen interessierten           Menschen einen Ort, unterschiedliche zivilgesellschaftliche           Engagements kennenzulernen. Den Mitgliedsorganisationen der           Initiative Zivilgesellschaft dienen die Konferenzen der           gegenseitigen Wahrnehmung, der Verst\u00e4ndigung \u00fcber ihre           inhaltlichen Positionen und dem Kn\u00fcpfen von Kooperationen in           Projekten.<\/span><\/span><\/span><\/p>\n<p align=\"left\">\n<p><span style=\"color: #000080;\"><strong><\/strong>________________________________<\/span><\/p>\n<address><span style=\"color: #000080;\">Initiative         Zivilgesellschaft, <\/span><\/address>\n<address><span style=\"color: #000080;\">1050 Wien,         Schu\u00dfwallgasse 2\/2\/9, <\/span><\/address>\n<address><span style=\"color: #000080;\">ZVR-Zahl 542210856<\/span><\/address>\n<address> <\/address>\n<p><span style=\"font-size: x-small;\">Wer keine Informationen von der         Initiative Zivilgesellschaft mehr erhalten m\u00f6chte, m\u00f6ge bitte         ein eMail mit dem Betreff UNSUBSCRIBE an <\/span><a href=\"https:\/\/service.gmx.net\/de\/cgi\/g.fcgi\/mail\/new?CUSTOMERNO=18763540&amp;t=de1196014033.1286734551.72284fe9&amp;to=service%40initiative-zivilgesellschaft.at\"><span style=\"font-size: x-small;\"> senden.<\/span><\/a><a href=\"https:\/\/service.gmx.net\/de\/cgi\/g.fcgi\/mail\/new?CUSTOMERNO=18763540&amp;t=de1196014033.1286734551.72284fe9&amp;to=service%40initiative-zivilgesellschaft.at\">service@initiative-zivilgesellschaft.at<\/a><\/p>\n","protected":false},"excerpt":{"rendered":"<p>Wir leiten gerne weiter: Info und Einladung zur: 8. Konferenz Zivilgesellschaft Wandel &#8211; global und lokal 19. &#8211; 21. November 2010 Schloss Zell an der Pram (O\u00d6)<\/p>\n","protected":false},"author":1,"featured_media":0,"comment_status":"open","ping_status":"open","sticky":false,"template":"","format":"standard","meta":{"footnotes":""},"categories":[1],"tags":[],"class_list":["post-1373","post","type-post","status-publish","format-standard","hentry","category-allgemein"],"_links":{"self":[{"href":"https:\/\/www.friedensplattform.at\/index.php?rest_route=\/wp\/v2\/posts\/1373","targetHints":{"allow":["GET"]}}],"collection":[{"href":"https:\/\/www.friedensplattform.at\/index.php?rest_route=\/wp\/v2\/posts"}],"about":[{"href":"https:\/\/www.friedensplattform.at\/index.php?rest_route=\/wp\/v2\/types\/post"}],"author":[{"embeddable":true,"href":"https:\/\/www.friedensplattform.at\/index.php?rest_route=\/wp\/v2\/users\/1"}],"replies":[{"embeddable":true,"href":"https:\/\/www.friedensplattform.at\/index.php?rest_route=%2Fwp%2Fv2%2Fcomments&post=1373"}],"version-history":[{"count":0,"href":"https:\/\/www.friedensplattform.at\/index.php?rest_route=\/wp\/v2\/posts\/1373\/revisions"}],"wp:attachment":[{"href":"https:\/\/www.friedensplattform.at\/index.php?rest_route=%2Fwp%2Fv2%2Fmedia&parent=1373"}],"wp:term":[{"taxonomy":"category","embeddable":true,"href":"https:\/\/www.friedensplattform.at\/index.php?rest_route=%2Fwp%2Fv2%2Fcategories&post=1373"},{"taxonomy":"post_tag","embeddable":true,"href":"https:\/\/www.friedensplattform.at\/index.php?rest_route=%2Fwp%2Fv2%2Ftags&post=1373"}],"curies":[{"name":"wp","href":"https:\/\/api.w.org\/{rel}","templated":true}]}}