{"id":1384,"date":"2010-10-20T20:57:12","date_gmt":"2010-10-20T18:57:12","guid":{"rendered":"http:\/\/www.luxorbis.org\/friedensplattform.at\/?p=1384"},"modified":"2010-10-20T20:57:12","modified_gmt":"2010-10-20T18:57:12","slug":"genfer-konvention-fuer-cyberkonflikte-gefordert","status":"publish","type":"post","link":"https:\/\/www.friedensplattform.at\/?p=1384","title":{"rendered":"&quot;Genfer Konvention&quot; f&#252;r Cyberkonflikte gefordert"},"content":{"rendered":"<p>Milit\u00e4rethiker: &#8222;Sind mit einem langen Kalten Cyberkrieg konfrontiert&#8220;<\/p>\n<p>Computersysteme: Regelloses Schlachtfeld im Kalten  Cyberkrieg<\/p>\n<p>Buffalo\/Wien (pte\/18.10.2010\/13:50) &#8211; Mit der zunehmenden Bedeutung von Computern w\u00e4chst auch die Zahl an Cyberattacken auf Systeme von Datenbanken, \u00fcber Stromversorgung bis hin zur Finanzindustrie. &#8222;Im Gegensatz zu konventioneller Kriegsf\u00fchrung gibt es f\u00fcr den Cyberkrieg nichts, was nur im Entferntesten einer Genfer Konvention gleichkommt&#8220;, warnt der Milit\u00e4rethiker Randall R. Dipert, Philosophieprofessor an der University of Buffalo <a href=\"http:\/\/www.buffalo.edu\" target=\"_blank\">http:\/\/www.buffalo.edu<\/a> . Dennoch wird international flei\u00dfig aufger\u00fcstet. &#8222;Ich w\u00fcrde sagen, wir sind mit einem langen Kalten Cyberkrieg konfrontiert&#8220;, meint daher der Philosoph.<\/p>\n<p><!--more--><\/p>\n<p>&#8222;Derzeit erfolgt ein Hochr\u00fcsten. Aber keiner wei\u00df genau, was bei Attacken passieren und welche Kollateralsch\u00e4den es geben kann&#8220;, best\u00e4tigt der Sicherheitsexperte Joe Pichlmayr, Gesch\u00e4ftsf\u00fchrer von Ikarus Software <a href=\"http:\/\/www.ikarus.at\" target=\"_blank\">http:\/\/www.ikarus.at<\/a> , im Gespr\u00e4ch mit pressetext. Er verweist auf den Wurm Stuxnet als Beispiel, welche Cyberwaffen heute schon denkbar sind.<\/p>\n<p>Ungeahnte Wirkung<\/p>\n<p>Der Krieg im Cyberspace hat gewisse Parallelen zu realweltlichen Konflikten. &#8222;Eine Option bei Cyberattacken ist, m\u00f6glich stark die Infrastruktur zu beeintr\u00e4chtigen&#8220;, erkl\u00e4rt Pichlmayr. Ein Beispiel daf\u00fcr ist ein Angriff auf die Stromversorgung, dessen Auswirkungen schwer zu kontrollieren w\u00e4ren. Manchen Theorien zufolge war genau das der Zweck von Stuxnet. Sollte dieser Wurm tats\u00e4chlich speziell iranische Kraftwerke treffen, w\u00e4ren beispielsweise die aufgetretenen Infektionen deutscher Industrieanlagen letztendlich Kollateralsch\u00e4den.<\/p>\n<p>&#8222;Die willentliche Zerst\u00f6rung oder Beeintr\u00e4chtigung von Daten oder Algorithmen sowie Denial-of-Service-Angriffe k\u00f6nnte gewaltigen Schaden an Menschen, Maschinen, k\u00fcnstlichen Systemen oder der Umwelt anrichten&#8220;, warnt Dipert. Dabei besteht unter anderem die Gefahr, dass wichtige zivile Systeme langfristig beeintr\u00e4chtigt werden, beispielsweise in Krankenh\u00e4usern. Doch es existieren keinerlei Regeln gegen solche Attacken, w\u00e4hrend physische Angriffe auf Spit\u00e4ler gegen die Genfer Konvention versto\u00dfen.<\/p>\n<p>Regeln im Wettr\u00fcsten<\/p>\n<p>&#8222;Stuxnet hat uns vor Augen gef\u00fchrt was machbar ist. Umso verwunderlicher ist unsere nach wie vor gering entwickelte Wahrnehmung, wie sehr wir von unseren Infrastrukturen abh\u00e4ngen&#8220;, meint Pichlmayr. Es sei daher sinnvoll, nach Regeln f\u00fcr die Cyberkriegsf\u00fchrung zu fragen. F\u00fcr den Experten ist nicht verwunderlich, dass gerade Amerikaner wie auch der ehemalige CIA-Chef Michael Hayden dieses Thema ansprechen (pressetext berichtete: <a href=\"http:\/\/pressetext.com\/news\/100730024\/\" target=\"_blank\">http:\/\/pressetext.com\/news\/100730024\/<\/a>). &#8222;Hoch industrialisierte Staaten k\u00f6nnten schlie\u00dflich am st\u00e4rksten getroffen werden&#8220;, erkl\u00e4rt der Ikarus-Gesch\u00e4ftsf\u00fchrer.<\/p>\n<p>Der Philosoph Dipert spricht sich jedenfalls f\u00fcr eine eingehende Besch\u00e4ftigung auch mit den moralischen Aspekten der Cyberkriegsf\u00fchrung aus. Er betont, dass das Ph\u00e4nomen des Cyberkriegs l\u00e4ngst Realit\u00e4t ist und ortet einen Kalten Cyberkrieg. &#8222;Dieser wird durch begrenzte, aber h\u00e4ufige Sch\u00e4den an Informationssystemen charakterisiert, w\u00e4hrend Nationen, Konzerne und andere Parteien die Waffen testen und sich auf eine Art Gleichgewicht hinbewegen.&#8220; (Ende)<\/p>\n","protected":false},"excerpt":{"rendered":"<p>Milit\u00e4rethiker: &#8222;Sind mit einem langen Kalten Cyberkrieg konfrontiert&#8220; Computersysteme: Regelloses Schlachtfeld im Kalten Cyberkrieg Buffalo\/Wien (pte\/18.10.2010\/13:50) &#8211; Mit der zunehmenden Bedeutung von Computern w\u00e4chst auch die Zahl an Cyberattacken auf Systeme von Datenbanken, \u00fcber Stromversorgung bis hin zur Finanzindustrie. &#8222;Im Gegensatz zu konventioneller Kriegsf\u00fchrung gibt es f\u00fcr den Cyberkrieg nichts, was nur im Entferntesten einer &hellip; <a href=\"https:\/\/www.friedensplattform.at\/?p=1384\" class=\"more-link\"><span class=\"screen-reader-text\">&quot;Genfer Konvention&quot; f&#252;r Cyberkonflikte gefordert<\/span> weiterlesen <span class=\"meta-nav\">&rarr;<\/span><\/a><\/p>\n","protected":false},"author":1,"featured_media":0,"comment_status":"open","ping_status":"open","sticky":false,"template":"","format":"standard","meta":{"footnotes":""},"categories":[1],"tags":[],"class_list":["post-1384","post","type-post","status-publish","format-standard","hentry","category-allgemein"],"_links":{"self":[{"href":"https:\/\/www.friedensplattform.at\/index.php?rest_route=\/wp\/v2\/posts\/1384","targetHints":{"allow":["GET"]}}],"collection":[{"href":"https:\/\/www.friedensplattform.at\/index.php?rest_route=\/wp\/v2\/posts"}],"about":[{"href":"https:\/\/www.friedensplattform.at\/index.php?rest_route=\/wp\/v2\/types\/post"}],"author":[{"embeddable":true,"href":"https:\/\/www.friedensplattform.at\/index.php?rest_route=\/wp\/v2\/users\/1"}],"replies":[{"embeddable":true,"href":"https:\/\/www.friedensplattform.at\/index.php?rest_route=%2Fwp%2Fv2%2Fcomments&post=1384"}],"version-history":[{"count":0,"href":"https:\/\/www.friedensplattform.at\/index.php?rest_route=\/wp\/v2\/posts\/1384\/revisions"}],"wp:attachment":[{"href":"https:\/\/www.friedensplattform.at\/index.php?rest_route=%2Fwp%2Fv2%2Fmedia&parent=1384"}],"wp:term":[{"taxonomy":"category","embeddable":true,"href":"https:\/\/www.friedensplattform.at\/index.php?rest_route=%2Fwp%2Fv2%2Fcategories&post=1384"},{"taxonomy":"post_tag","embeddable":true,"href":"https:\/\/www.friedensplattform.at\/index.php?rest_route=%2Fwp%2Fv2%2Ftags&post=1384"}],"curies":[{"name":"wp","href":"https:\/\/api.w.org\/{rel}","templated":true}]}}