{"id":1388,"date":"2010-10-24T19:31:35","date_gmt":"2010-10-24T17:31:35","guid":{"rendered":"http:\/\/www.luxorbis.org\/friedensplattform.at\/?p=1388"},"modified":"2010-10-24T19:31:35","modified_gmt":"2010-10-24T17:31:35","slug":"artikel-in-der-le-monde-diplomatique-ein-juedischer-staat-fuer-die-palaestinenser","status":"publish","type":"post","link":"https:\/\/www.friedensplattform.at\/?p=1388","title":{"rendered":"Artikel in der Le Monde diplomatique: Ein j&#252;discher Staat f&#252;r die Pal&#228;stinenser"},"content":{"rendered":"<p><em>von Alain Gresh<\/em><\/p>\n<p>Kaum jemand spricht offen aus, was alle wissen: Eine Zweistaatenl\u00f6sung f\u00fcr den Konflikt zwischen Israel und den Pal\u00e4stinensern wird es nicht geben. Das Nachdenken \u00fcber eine langfristige Zwischenl\u00f6sung hat bereits begonnen.<\/p>\n<p><a title=\"Le Monde diplomatique\" href=\"http:\/\/www.monde-diplomatique.de\/pm\/2010\/10\/08.archivhome\" target=\"_blank\">Weiterlesen in der Le Monde diplomatique<\/a><\/p>\n","protected":false},"excerpt":{"rendered":"<p>von Alain Gresh Kaum jemand spricht offen aus, was alle wissen: Eine Zweistaatenl\u00f6sung f\u00fcr den Konflikt zwischen Israel und den Pal\u00e4stinensern wird es nicht geben. Das Nachdenken \u00fcber eine langfristige Zwischenl\u00f6sung hat bereits begonnen. Weiterlesen in der Le Monde diplomatique<\/p>\n","protected":false},"author":1,"featured_media":0,"comment_status":"open","ping_status":"open","sticky":false,"template":"","format":"standard","meta":{"footnotes":""},"categories":[1],"tags":[],"class_list":["post-1388","post","type-post","status-publish","format-standard","hentry","category-allgemein"],"_links":{"self":[{"href":"https:\/\/www.friedensplattform.at\/index.php?rest_route=\/wp\/v2\/posts\/1388","targetHints":{"allow":["GET"]}}],"collection":[{"href":"https:\/\/www.friedensplattform.at\/index.php?rest_route=\/wp\/v2\/posts"}],"about":[{"href":"https:\/\/www.friedensplattform.at\/index.php?rest_route=\/wp\/v2\/types\/post"}],"author":[{"embeddable":true,"href":"https:\/\/www.friedensplattform.at\/index.php?rest_route=\/wp\/v2\/users\/1"}],"replies":[{"embeddable":true,"href":"https:\/\/www.friedensplattform.at\/index.php?rest_route=%2Fwp%2Fv2%2Fcomments&post=1388"}],"version-history":[{"count":0,"href":"https:\/\/www.friedensplattform.at\/index.php?rest_route=\/wp\/v2\/posts\/1388\/revisions"}],"wp:attachment":[{"href":"https:\/\/www.friedensplattform.at\/index.php?rest_route=%2Fwp%2Fv2%2Fmedia&parent=1388"}],"wp:term":[{"taxonomy":"category","embeddable":true,"href":"https:\/\/www.friedensplattform.at\/index.php?rest_route=%2Fwp%2Fv2%2Fcategories&post=1388"},{"taxonomy":"post_tag","embeddable":true,"href":"https:\/\/www.friedensplattform.at\/index.php?rest_route=%2Fwp%2Fv2%2Ftags&post=1388"}],"curies":[{"name":"wp","href":"https:\/\/api.w.org\/{rel}","templated":true}]}}