{"id":139,"date":"2007-05-28T20:19:05","date_gmt":"2007-05-28T18:19:05","guid":{"rendered":"http:\/\/www.luxorbis.org\/friedensplattform.at\/?p=139"},"modified":"2007-05-28T20:19:05","modified_gmt":"2007-05-28T18:19:05","slug":"hinweis-g-8-gipfel-heiligendamm-ante-portas-auch-wir-kommen","status":"publish","type":"post","link":"https:\/\/www.friedensplattform.at\/?p=139","title":{"rendered":"Hinweis ASF: G 8- GIPFEL-HEILIGENDAMM"},"content":{"rendered":"<p>G 8- GIPFEL-HEILIGENDAMM ANTE PORTAS- AUCH WIR KOMMEN !<\/p>\n<p><strong>Vorschlag: Treffpunkt 2.Juni 12 h beim City-Hotel (direkt  links vom Bahnhof  Rostock).<\/strong><\/p>\n<p>Der Gipfel der G 8 in Heiligendamm steht unmittelbar vor der T\u00fcr- und ebenso eine breite Palette von Gegenaktivit\u00e4ten: von Gegenkongressen \u00fcber kulturelle events bis zu Demos !<\/p>\n<p><!--more-->G 8- Gipfel sind zwar &#8220; informell&#8220; &#8211; von ihnen gehen jedoch wichtige Impulse aus den Planeten noch mehr dem neoliberalen Diktat zu unterwerfen. Von daher ist es nur logisch, da\u00df jeder dieser Gipfel mit Massenprotesten konfrontiert war.<\/p>\n<p>Um  m\u00f6glichst &#8222;unter sich&#8220; zu bleiben, werden jeweils von den Herrschenden riesige &#8220; Sicherheits&#8220;vorkehrungen getroffen, psychologische  Kamapgnen gestartet um die GegnerInnen zu stigmatisieren ( &#8222;Terroristinnen&#8220; ).  So auch diesmal : rund um den Tagungsort wurde ein Kilometer langer Stacheldrahtzaun gespannt, Hausdurchsuchungen in die Wege geleitet etc.<\/p>\n<p>Bislang erwiesen sich die Diffamierungen und Aufr\u00fcstungschritte f\u00fcr die &#8222;Macher&#8220; als g\u00e4nzlich konterproduktiv. Viele werden jetzt erst recht nach Rostock\/ Heiligendamm fahren, der DGB etwa  , der bisher eine z\u00f6gerliche Haltung eingenommen hat, ruft nun ebenfalls zu Protesten auf.<\/p>\n<p>Die Demo am 2.Juni in Rostock ( Beginn zu Mittag; Bahnhof ) wird die gr\u00f6\u00dfte europ\u00e4ische Mobilisierung in deisem Jahr sein. Aus Ost &#8211; und West werden viele anreisen, um ein sichtbares Zeichen zu setzen gegen Neoliberalismus, Krieg und fortgesetzte \u00f6kologische Verw\u00fcstung des Planeten Erde.<br \/>\nM\u00f6glicherweise werden es 100 OOO, die zeigen, da\u00df &#8222;Eine andere Welt m\u00f6glich<br \/>\nist &#8222;.<\/p>\n<p>Auch wir aus \u00d6sterreich wollen mit einem starken Kontingent vertreten sein.<br \/>\nEtliche haben sich schon entschlossen zur Demo zu fahren , einige \u00fcberlegen<br \/>\nnoch.<\/p>\n<p>Wie auch immer: es w\u00e4re super, wenn wir in Rostock einen &#8222;\u00d6sterreicherInnen-<br \/>\nBlock&#8220; zusammenbekommen k\u00f6nnten( wie bei den ESFs ), um  nach dem G-8 Gipfel hierzulande die Erfahrungen auszutauschen und  gemeinsam weiter f\u00fcr ein &#8222;anderes \u00d6sterreich&#8220; zu wirken.<\/p>\n<p><strong>Vorschlag: Treffpunkt 2.Juni 12 h beim City-Hotel (direkt  links vom Bahnhof Rostock).<\/strong><\/p>\n<p>Nicht vergessen: Transparente und ( rote ) Fahnen mitnehmen!<\/p>\n<p>Hasta la vista ! Venceremos !<\/p>\n<p>Hermann Dworczak ( Aktivist im Austrian Social Forum \/ ASF; 0676 \/ 972 31<br \/>\n10 )<\/p>\n<p>Weiter Informationen findet ihr auf <a href=\"http:\/\/www.attac.at\/g8.html\" target=\"_blank\" title=\"Attac \u00d6sterreich\">attac.at<\/a> und <a href=\"http:\/\/www.attac.de\/heiligendamm07\/\" target=\"_blank\" title=\"Attac Deutschland\">attac.de<\/a><\/p>\n","protected":false},"excerpt":{"rendered":"<p>G 8- GIPFEL-HEILIGENDAMM ANTE PORTAS- AUCH WIR KOMMEN ! Vorschlag: Treffpunkt 2.Juni 12 h beim City-Hotel (direkt links vom Bahnhof Rostock). Der Gipfel der G 8 in Heiligendamm steht unmittelbar vor der T\u00fcr- und ebenso eine breite Palette von Gegenaktivit\u00e4ten: von Gegenkongressen \u00fcber kulturelle events bis zu Demos !<\/p>\n","protected":false},"author":1,"featured_media":0,"comment_status":"open","ping_status":"open","sticky":false,"template":"","format":"standard","meta":{"footnotes":""},"categories":[7],"tags":[],"class_list":["post-139","post","type-post","status-publish","format-standard","hentry","category-asf-bewegung"],"_links":{"self":[{"href":"https:\/\/www.friedensplattform.at\/index.php?rest_route=\/wp\/v2\/posts\/139","targetHints":{"allow":["GET"]}}],"collection":[{"href":"https:\/\/www.friedensplattform.at\/index.php?rest_route=\/wp\/v2\/posts"}],"about":[{"href":"https:\/\/www.friedensplattform.at\/index.php?rest_route=\/wp\/v2\/types\/post"}],"author":[{"embeddable":true,"href":"https:\/\/www.friedensplattform.at\/index.php?rest_route=\/wp\/v2\/users\/1"}],"replies":[{"embeddable":true,"href":"https:\/\/www.friedensplattform.at\/index.php?rest_route=%2Fwp%2Fv2%2Fcomments&post=139"}],"version-history":[{"count":0,"href":"https:\/\/www.friedensplattform.at\/index.php?rest_route=\/wp\/v2\/posts\/139\/revisions"}],"wp:attachment":[{"href":"https:\/\/www.friedensplattform.at\/index.php?rest_route=%2Fwp%2Fv2%2Fmedia&parent=139"}],"wp:term":[{"taxonomy":"category","embeddable":true,"href":"https:\/\/www.friedensplattform.at\/index.php?rest_route=%2Fwp%2Fv2%2Fcategories&post=139"},{"taxonomy":"post_tag","embeddable":true,"href":"https:\/\/www.friedensplattform.at\/index.php?rest_route=%2Fwp%2Fv2%2Ftags&post=139"}],"curies":[{"name":"wp","href":"https:\/\/api.w.org\/{rel}","templated":true}]}}