{"id":142,"date":"2007-06-05T14:39:11","date_gmt":"2007-06-05T12:39:11","guid":{"rendered":"http:\/\/www.luxorbis.org\/friedensplattform.at\/?p=142"},"modified":"2007-06-05T14:39:11","modified_gmt":"2007-06-05T12:39:11","slug":"kundgebung-sa-9juni-hauptplatz-graz","status":"publish","type":"post","link":"https:\/\/www.friedensplattform.at\/?p=142","title":{"rendered":"Kundgebung Sa. 9.Juni Hauptplatz Graz"},"content":{"rendered":"<p>Kundgebung der Steirischen Friedensplattform und des Solidarit\u00e4tskomitees f\u00fcr Pal\u00e4stina am <strong>Samstag 9.Juni am Hauptplatz in Graz, von 10h30 bis 13h30<\/strong> anl\u00e4\u00dflich des internationalen Aktionstages gegen die Besetzung Pal\u00e4stinas durch Israel ( 40. Jahrestag) sowie als Aufruf zur Kundgebung gegen den Ankauf der Eurofighter am Samstag 16. Juni in Wien vor dem Parlament.<\/p>\n<p>(<strong>Mitfahrkontakte f\u00fcr den 16. Juni:<\/strong> Steirische Friedensplattform: epost@stfp.at; und KP\u00d6-Graz 0316 \/ 71 24 79)<\/p>\n<p>MFG Johann, Markus, Veronika, Franz &#8230;&#8230;<\/p>\n<p><a href=\"http:\/\/www.luxorbis.org\/friedensplattform.at\/wp-content\/uploads\/2007\/08\/eurofigher_juni_071.pdf\" title=\"Flugblatt_Eurofighter_Pal\u00e4stina\">Flugblatt_Eurofighter_Pal\u00e4stina<\/a><\/p>\n","protected":false},"excerpt":{"rendered":"<p>Kundgebung der Steirischen Friedensplattform und des Solidarit\u00e4tskomitees f\u00fcr Pal\u00e4stina am Samstag 9.Juni am Hauptplatz in Graz, von 10h30 bis 13h30 anl\u00e4\u00dflich des internationalen Aktionstages gegen die Besetzung Pal\u00e4stinas durch Israel ( 40. Jahrestag) sowie als Aufruf zur Kundgebung gegen den Ankauf der Eurofighter am Samstag 16. Juni in Wien vor dem Parlament. (Mitfahrkontakte f\u00fcr den &hellip; <a href=\"https:\/\/www.friedensplattform.at\/?p=142\" class=\"more-link\"><span class=\"screen-reader-text\">Kundgebung Sa. 9.Juni Hauptplatz Graz<\/span> weiterlesen <span class=\"meta-nav\">&rarr;<\/span><\/a><\/p>\n","protected":false},"author":1,"featured_media":0,"comment_status":"open","ping_status":"open","sticky":false,"template":"","format":"standard","meta":{"footnotes":""},"categories":[5],"tags":[],"class_list":["post-142","post","type-post","status-publish","format-standard","hentry","category-arabischer-raum"],"_links":{"self":[{"href":"https:\/\/www.friedensplattform.at\/index.php?rest_route=\/wp\/v2\/posts\/142","targetHints":{"allow":["GET"]}}],"collection":[{"href":"https:\/\/www.friedensplattform.at\/index.php?rest_route=\/wp\/v2\/posts"}],"about":[{"href":"https:\/\/www.friedensplattform.at\/index.php?rest_route=\/wp\/v2\/types\/post"}],"author":[{"embeddable":true,"href":"https:\/\/www.friedensplattform.at\/index.php?rest_route=\/wp\/v2\/users\/1"}],"replies":[{"embeddable":true,"href":"https:\/\/www.friedensplattform.at\/index.php?rest_route=%2Fwp%2Fv2%2Fcomments&post=142"}],"version-history":[{"count":0,"href":"https:\/\/www.friedensplattform.at\/index.php?rest_route=\/wp\/v2\/posts\/142\/revisions"}],"wp:attachment":[{"href":"https:\/\/www.friedensplattform.at\/index.php?rest_route=%2Fwp%2Fv2%2Fmedia&parent=142"}],"wp:term":[{"taxonomy":"category","embeddable":true,"href":"https:\/\/www.friedensplattform.at\/index.php?rest_route=%2Fwp%2Fv2%2Fcategories&post=142"},{"taxonomy":"post_tag","embeddable":true,"href":"https:\/\/www.friedensplattform.at\/index.php?rest_route=%2Fwp%2Fv2%2Ftags&post=142"}],"curies":[{"name":"wp","href":"https:\/\/api.w.org\/{rel}","templated":true}]}}