{"id":1424,"date":"2010-11-19T20:06:04","date_gmt":"2010-11-19T18:06:04","guid":{"rendered":"http:\/\/www.luxorbis.org\/friedensplattform.at\/?p=1424"},"modified":"2010-11-19T20:06:04","modified_gmt":"2010-11-19T18:06:04","slug":"buchpraesentation-gelebter-internationalismus-10-12-2010","status":"publish","type":"post","link":"https:\/\/www.friedensplattform.at\/?p=1424","title":{"rendered":"Buchpr&#228;sentation Gelebter Internationalismus 10.12.2010"},"content":{"rendered":"<h2 style=\"line-height: 150%; text-align: left;\">Einladung zur Buchpr\u00e4sentation: Gelebter Internationalismus, Fritz Keller<\/h2>\n<p style=\"line-height: 150%;\" align=\"CENTER\">Eine Veranstaltung der Steirischen Friedensplattform, untertst\u00fctzt von: Gr\u00fcne Akademie, KP\u00d6 Bildungsverein, KORSO, LinkeStmk<\/p>\n<p style=\"line-height: 150%;\" align=\"CENTER\"><span style=\"font-family: Arial,sans-serif;\"><span style=\"font-size: medium;\"><strong>Am Freitag, 10. Dezember 2010, 18:00 &#8211; 20:30 Uhr<\/strong><\/span><\/span><\/p>\n<p style=\"text-align: center;\"><span style=\"font-family: Arial,sans-serif;\"><span style=\"font-size: medium;\"><strong>in der Gr\u00fcnen Akademie, Paulustorgasse 3; bzw. Schlo\u00dfbergaufgang<\/strong><\/span><\/span><\/p>\n<h2 style=\"text-align: center;\"><strong>Moderation Univ. Prof. Dr. Karl Kaser<\/strong><\/h2>\n<p><strong><!--more--><br \/>\n<\/strong><\/p>\n<p lang=\"de-DE\" align=\"CENTER\"><span style=\"font-family: Arial,sans-serif;\"><span style=\"font-size: medium;\"><strong>Wir zeigen den Film:<\/strong><\/span><\/span><\/p>\n<p style=\"font-weight: normal;\" align=\"CENTER\">\u201e<span style=\"font-family: Times New Roman,serif;\"><span style=\"font-size: small;\"><span style=\"font-family: Arial,sans-serif;\"><span style=\"font-size: medium;\"><span lang=\"de-DE\"><em><strong>Une journe\u00e9 disparue<\/strong><\/em><\/span><\/span><\/span><span style=\"font-family: Arial,sans-serif;\"><span style=\"font-size: medium;\"><span lang=\"de-DE\"><em><strong> <\/strong><\/em><\/span><\/span><\/span><span style=\"font-family: Arial,sans-serif;\"><span style=\"font-size: medium;\"><em><strong>\u2013 <\/strong><\/em><\/span><\/span><span style=\"font-family: Arial,sans-serif;\"><span style=\"font-size: medium;\"><span lang=\"de-DE\"><em><strong>d<\/strong><\/em><\/span><\/span><\/span><span style=\"font-family: Arial,sans-serif;\"><span style=\"font-size: medium;\"><em><strong>er Tag, den es nie gab.<\/strong><\/em><\/span><\/span><\/span><\/span><\/p>\n<h2><span style=\"font-size: medium;\"><em>Die massakrierten Algerier des 17. Oktober 1961\u201c<\/em><\/span><\/h2>\n<h2><span style=\"font-size: medium;\">von Philip Brooks und Alan Joum\u00e8e (45 Min.)<\/span><\/h2>\n<p style=\"margin-left: 1.25cm;\" lang=\"de-DE\" align=\"CENTER\"><span style=\"font-size: medium;\">anschl. Buchpr\u00e4sentation und Diskussion<\/span><\/p>\n<p style=\"margin-left: 1.25cm;\" lang=\"de-DE\" align=\"CENTER\"><span style=\"font-size: medium;\">mit dem Autor Fritz Keller<\/span><\/p>\n<p style=\"margin-left: 1.25cm;\" lang=\"de-DE\" align=\"CENTER\"><span style=\"font-size: medium;\"><br \/>\n<\/span><\/p>\n<p style=\"font-weight: normal;\" align=\"CENTER\"><span style=\"font-family: Times New Roman,serif;\"><span style=\"font-size: small;\"><strong><span style=\"color: #000000;\"><span style=\"font-family: Arial,sans-serif;\"><span style=\"font-size: x-large;\">Gelebter Internationalismus<\/span><\/span><\/span><\/strong><span style=\"color: #000000;\"><span style=\"font-family: Arial,sans-serif;\"><span style=\"font-size: x-large;\"><strong><br \/>\n<\/strong><\/span><\/span><\/span><span style=\"color: #000000;\"><span style=\"font-family: Arial,sans-serif;\"><span style=\"font-size: medium;\"><strong>\u00d6sterreichs Linke und der algerische Widerstand (1958 &#8211; 1963)<\/strong><\/span><\/span><\/span><\/span><\/span><\/p>\n<p style=\"margin-bottom: 0.21cm; font-weight: normal;\" align=\"CENTER\">In den 50er-Jahren koordinierte eine informelle Runde von linken SozialdemokratInnen, TrotzkistInnen und KP\u00d6-Mitgliedern Solidarit\u00e4tsaktivit\u00e4ten mit dem algerischen FLN im Kampf gegen die franz\u00f6sische Kolonialmacht. Diese Runde handelte als Teil eines gesamteurop\u00e4schen Netzwerkes.<\/p>\n<p style=\"margin-bottom: 0.21cm; font-weight: normal;\" align=\"CENTER\">Bruno Kreisky, Rudolf Kirchschl\u00e4ger, SP\u00d6-Nationalrat Peter Strasser, Karl Blecha (damals Obmann des Verbandes sozialistischer Studenten), der leitende Beamte der Staatspolizei Karl Reidinger und der in Wien ans\u00e4ssige bosnische Imam Smail Balic waren  prominente Unterst\u00fctzer der Unabh\u00e4ngigkeit Algeriens.<\/p>\n<p style=\"margin-bottom: 0.21cm; font-weight: normal;\" align=\"CENTER\">In \u00d6sterreich beschr\u00e4nkten sich die SympathisantInnen der Befreiungsbewegung nicht auf die \u00fcblichen Propagandamittel wie Vortr\u00e4ge, Demonstrationen, Flugbl\u00e4tter und Zeitungsartikel: Sie bet\u00e4tigten sich auch als \u201eKoffertr\u00e4ger\u201c, das hei\u00dft, sie transportierten \u2013 als Liebespaare getarnt \u2013 f\u00fcr den FLN wichtige Materialien in den Geheimf\u00e4chern angemieteter Luxus-Autos nach Frankreich. Und sie organisierten f\u00fcr \u00f6sterreichische, deutsche und ungarische Fremdenlegion\u00e4re \u00fcber Kontaktannoncen die Fahnenflucht samt R\u00fcckf\u00fchrung in ihre Heimat.<\/p>\n<p>Eine Veranstaltung der Steirischen Friedensplattform, untertst\u00fctzt von: Gr\u00fcne Akademie, KP\u00d6 Bildungsverein, KORSO, LinkeStmk<\/p>\n<p><a href=\"http:\/\/www.luxorbis.org\/friedensplattform.at\/wp-content\/uploads\/2010\/11\/LogoGRAK_PfeilLinksmitWebadr_WEB.jpg\"><img loading=\"lazy\" decoding=\"async\" class=\"alignleft size-full wp-image-1429\" title=\"LogoGRAK_PfeilLinksmitWebadr_WEB\" src=\"http:\/\/www.luxorbis.org\/friedensplattform.at\/wp-content\/uploads\/2010\/11\/LogoGRAK_PfeilLinksmitWebadr_WEB.jpg\" alt=\"LogoGRAK_PfeilLinksmitWebadr_WEB\" width=\"266\" height=\"114\" \/><\/a><a href=\"http:\/\/www.luxorbis.org\/friedensplattform.at\/wp-content\/uploads\/2010\/11\/kpoe_bildungsverein.jpg\"><img loading=\"lazy\" decoding=\"async\" class=\"alignleft size-full wp-image-1430\" title=\"kpoe_bildungsverein\" src=\"http:\/\/www.luxorbis.org\/friedensplattform.at\/wp-content\/uploads\/2010\/11\/kpoe_bildungsverein.jpg\" alt=\"kpoe_bildungsverein\" width=\"148\" height=\"117\" \/><\/a><a href=\"http:\/\/www.luxorbis.org\/friedensplattform.at\/wp-content\/uploads\/2010\/11\/StFP.jpg\"><img loading=\"lazy\" decoding=\"async\" class=\"alignleft size-full wp-image-1431\" title=\"StFP\" src=\"http:\/\/www.luxorbis.org\/friedensplattform.at\/wp-content\/uploads\/2010\/11\/StFP.jpg\" alt=\"StFP\" width=\"405\" height=\"112\" \/><\/a><\/p>\n<p style=\"margin-left: 1.25cm; line-height: 150%;\" align=\"CENTER\">\n<p style=\"font-weight: normal;\" align=\"CENTER\">\n<p style=\"font-weight: normal;\" align=\"CENTER\">\n<p style=\"font-weight: normal;\" align=\"CENTER\">\n<p style=\"font-weight: normal;\" align=\"CENTER\">Wir freuen uns auf Euer Kommen.<\/p>\n<p style=\"font-weight: normal;\" align=\"CENTER\">\n<p style=\"font-weight: normal;\" align=\"CENTER\">Fritz Keller: Gelebter Internationalismus.<\/p>\n<p style=\"font-weight: normal;\" align=\"CENTER\">\u00d6sterreichs Linke und der algerische Widerstand (1958 &#8211; 1963)<\/p>\n<p style=\"font-weight: normal;\" align=\"CENTER\">Promedia-Verlag, Wien 2010, 19,90 Euro und ISBN 978-3-85371-321-1<\/p>\n<p style=\"font-weight: normal; text-align: left;\"><a title=\"KORSO\" href=\"http:\/\/korso.at\/content\/view\/4614\/98\/\" target=\"_blank\">Siehe auch Rezension von Mag. Christian Stenner<\/a><\/p>\n","protected":false},"excerpt":{"rendered":"<p>Einladung zur Buchpr\u00e4sentation: Gelebter Internationalismus, Fritz Keller Eine Veranstaltung der Steirischen Friedensplattform, untertst\u00fctzt von: Gr\u00fcne Akademie, KP\u00d6 Bildungsverein, KORSO, LinkeStmk Am Freitag, 10. Dezember 2010, 18:00 &#8211; 20:30 Uhr in der Gr\u00fcnen Akademie, Paulustorgasse 3; bzw. Schlo\u00dfbergaufgang Moderation Univ. Prof. Dr. Karl Kaser<\/p>\n","protected":false},"author":1,"featured_media":0,"comment_status":"open","ping_status":"open","sticky":false,"template":"","format":"standard","meta":{"footnotes":""},"categories":[1],"tags":[],"class_list":["post-1424","post","type-post","status-publish","format-standard","hentry","category-allgemein"],"_links":{"self":[{"href":"https:\/\/www.friedensplattform.at\/index.php?rest_route=\/wp\/v2\/posts\/1424","targetHints":{"allow":["GET"]}}],"collection":[{"href":"https:\/\/www.friedensplattform.at\/index.php?rest_route=\/wp\/v2\/posts"}],"about":[{"href":"https:\/\/www.friedensplattform.at\/index.php?rest_route=\/wp\/v2\/types\/post"}],"author":[{"embeddable":true,"href":"https:\/\/www.friedensplattform.at\/index.php?rest_route=\/wp\/v2\/users\/1"}],"replies":[{"embeddable":true,"href":"https:\/\/www.friedensplattform.at\/index.php?rest_route=%2Fwp%2Fv2%2Fcomments&post=1424"}],"version-history":[{"count":0,"href":"https:\/\/www.friedensplattform.at\/index.php?rest_route=\/wp\/v2\/posts\/1424\/revisions"}],"wp:attachment":[{"href":"https:\/\/www.friedensplattform.at\/index.php?rest_route=%2Fwp%2Fv2%2Fmedia&parent=1424"}],"wp:term":[{"taxonomy":"category","embeddable":true,"href":"https:\/\/www.friedensplattform.at\/index.php?rest_route=%2Fwp%2Fv2%2Fcategories&post=1424"},{"taxonomy":"post_tag","embeddable":true,"href":"https:\/\/www.friedensplattform.at\/index.php?rest_route=%2Fwp%2Fv2%2Ftags&post=1424"}],"curies":[{"name":"wp","href":"https:\/\/api.w.org\/{rel}","templated":true}]}}