{"id":143,"date":"2007-06-07T11:59:36","date_gmt":"2007-06-07T09:59:36","guid":{"rendered":"http:\/\/www.luxorbis.org\/friedensplattform.at\/?p=143"},"modified":"2007-06-07T11:59:36","modified_gmt":"2007-06-07T09:59:36","slug":"hinweis-des-osfk","status":"publish","type":"post","link":"https:\/\/www.friedensplattform.at\/?p=143","title":{"rendered":"Hinweis des &#214;SFK"},"content":{"rendered":"<p>Sehr geehrte Damen und Herren,<\/p>\n<p>das \u00d6sterreichische Studienzentrum f\u00fcr Frieden und Konfliktl\u00f6sung (\u00d6SFK) m\u00f6chte sehr gerne auf die<\/p>\n<p>Neuerscheinung &#8222;<strong>Gute Medien &#8211; B\u00f6ser Krieg?<\/strong>&#8220; und auf die<br \/>\nSchlaininger Sommerakademie &#8222;<strong>Von kalten Energiestrategien zu hei\u00dfen Rohstoffkriegen?<\/strong>&#8220; (8. -13. Juli 2007)<\/p>\n<p>hinweisen.<br \/>\n<!--more--><br \/>\nBuch-Neuerscheinung:<br \/>\n<strong>Gute Medien &#8211; B\u00f6ser Krieg?<\/strong><br \/>\n<strong>Medien am schmalen Grat zwischen Cheerleadern des Milit\u00e4rs und Friedensjournalismus<\/strong><br \/>\n160 Seiten, Euro 9,80 zuz\u00fcglich Porto.<\/p>\n<p>Zum Inhalt:<\/p>\n<p>Vorwort &#8222;Gute Medien &#8211; B\u00f6ser Krieg?&#8220;<br \/>\nThomas Roithner (\u00d6sterreichisches Studienzentrum f\u00fcr Frieden und Konfliktl\u00f6sung)<\/p>\n<p>Gute Medien &#8211; B\u00f6ser Krieg? Historische und pers\u00f6nliche Anmerkungen<br \/>\nJournalismus: Freiheit und Verantwortung<br \/>\nFreimut Duve (OSZE-Beauftragter f\u00fcr die Freiheit der Medien 1998 &#8211; 2004)<\/p>\n<p>Schlaining steht vor neuen Herausforderungen<br \/>\nGerald Mader (Pr\u00e4sident des Friedenszentrum Burg Schlaining)<\/p>\n<p><strong>Die vierte Gewalt &#8211; Vom Kriegsberichterstatter zum Brandstifter?<\/strong><br \/>\nKriegsberichterstattung. Vom Telegraphen zum Echtzeitkrieg und Internet<br \/>\nMira Beham (OSZE-Diplomatin, Publizistin und Journalistin)<\/p>\n<p>Sprache des Krieges, Bilder des Krieges &#8211; Medien als Kriegstreiber: Jugoslawien, Irak, Iran<br \/>\nHeinz Loquai (Brigadegeneral a.D., Universit\u00e4t K\u00f6ln)<\/p>\n<p>Herrschender Diskurs &#8211; Herrschende News<br \/>\nWerner Ruf (Universit\u00e4t Kassel)<br \/>\n<strong><br \/>\nDie halbe Wahrheit ist eine ganze L\u00fcge &#8211; Medien und der &#8222;permanente Krieg gegen den Terror&#8220;<\/strong><br \/>\nDie Medienkrieger. Strategische Manipulation durch das US-Milit\u00e4r<br \/>\nJ\u00fcrgen Rose (Oberstleutnant der Bundeswehr)<\/p>\n<p>Die Schlacht der L\u00fcgen?<br \/>\nKriegs- und Krisenberichterstattung zwischen Objektivit\u00e4t und Manipulation<br \/>\nThomas Seifert (Journalist, Die Presse)<\/p>\n<p><strong>Arabische Medien und Medienstrategien nach dem 11.9.2001<\/strong><br \/>\nDie Rolle der Medien seit dem 11.9.2001 im arabischen Raum<br \/>\nAktham Suliman (Journalist, Al Jazeera)<\/p>\n<p>Die Medien in der islamischen Welt: Von der Hofberichterstattung zum Weblog<br \/>\nKarin Kneissl (Journalistin, Nahostexpertin)<\/p>\n<p><strong>Abseits von &#8222;Gut&#8220; und &#8222;B\u00f6se&#8220; &#8211; Medienpolitische Ans\u00e4tze zur konfliktsensitiven Berichterstattung<\/strong><br \/>\nFriedensjournalismus als Beitrag zur Gewaltpr\u00e4vention?<br \/>\nNadine Bilke (Journalistin, ZDF)<\/p>\n<p>Die islamischen Teufel in Teheran. Ein Fallbeispiel f\u00fcr die Missachtung objektiver Berichterstattung und die Chancen friedensjournalistischer Ans\u00e4tze<br \/>\nAndreas Zumach (Journalist, Genf)<\/p>\n<p>Die Medien und der Weg in den Irak-Krieg. Vergebene Chancen der Pr\u00e4vention und die Lehren<br \/>\nHans-Christoph Graf Sponeck (ehemaliger UN-Koordinator des &#8222;\u00d6l f\u00fcr Lebensmittel&#8220;-Programmes, Irak, Buchautor)<\/p>\n<p>Bibliographische Angaben:<br \/>\n\u00d6sterreichisches Studienzentrum f\u00fcr Frieden und Konfliktl\u00f6sung (Hrsg.), Projektleitung: Roithner Thomas: Gute Medien &#8211; B\u00f6ser Krieg? Medien am schmalen Grat zwischen Cheerleadern des Milit\u00e4rs und Friedensjournalismus, 160 Seiten, Dialog 52 &#8211; Beitr\u00e4ge zur Friedensforschung, ISBN 9-7838-2580-1373 Lit-Verlag, M\u00fcnster &#8211; Hamburg &#8211; London &#8211; Berlin &#8211; Wien, Mai 2007, Euro 9,80 zuz\u00fcglich Porto.<br \/>\nN\u00e4here Infos: <a target=\"_blank\" title=\"lit-Verlag\" href=\"http:\/\/www.lit-verlag.de\/isbn\/3-8258-0137-3\">http:\/\/www.lit-verlag.de\/isbn\/3-8258-0137-3<\/a><\/p>\n<p>&#8212;&#8212;&#8212;&#8212;&#8212;&#8212;&#8212;&#8212;&#8212;&#8212;&#8212;&#8212;&#8212;&#8212;&#8212;&#8212;&#8212;&#8212;&#8212;&#8212;&#8212;&#8212;&#8212;&#8212;&#8212;&#8212;&#8212;&#8212;&#8212;&#8212;&#8211;<\/p>\n<p><strong>24. Internationale Sommerakademie<\/strong><br \/>\n<strong>Von kalten Energiestrategien zu hei\u00dfen Rohstoffkriegen?<br \/>\nSchachspiel der Weltm\u00e4chte zwischen Pr\u00e4ventivkrieg und zukunftsf\u00e4higer Rohstoffpolitik im Zeitalter des globalen Treibhauses<\/strong><\/p>\n<p><strong>Sonntag, 8. Juli &#8211; Freitag, 13. Juli 2007 <\/strong>auf Burg Schlaining<\/p>\n<p>u.a. mit folgenden Themen:<br \/>\n\u00d6l ins Feuer. Ressourcenkonflikte als Treibstoff f\u00fcr globalen Unfrieden<br \/>\nDie kommenden Kriege um Ressourcen<br \/>\nDie politische \u00d6konomie der Energie<br \/>\nDie Ressourcenpolitik Chinas, Indiens und Russlands<br \/>\nL\u00f6sen &#8222;peak oil&#8220; und die Atomenergie das Klimaproblem?<br \/>\nDie US-Strategie f\u00fcr die Regionen Mittlerer Osten und Kaukasus<br \/>\nMacht eine gemeinsame und nachhaltige EU-Energiepolitik die &#8222;battle groups&#8220; arbeitslos?<br \/>\nWelchen Einfluss hat das \u00d6l auf den Konflikt mit dem Iran?<br \/>\nVon gewaltf\u00f6rmiger zu friedensf\u00e4higer Klimapolitik<br \/>\nDie neue Kolonialisierung Afrikas: China, die USA und Europa im Kampf um die Rohstoffe<br \/>\nRessourcensicherung und Energiepolitik in Lateinamerika<br \/>\nKein Frieden ohne Wechsel zu erneuerbaren Ressourcen<\/p>\n<p>Vortragende u.a.<br \/>\nWolfgang Sachs (Wuppertal Institut f\u00fcr Klima, Umwelt, Energie; Mitglied des Club of Rome), Hermann Scheer (Vorsitzender Weltrat f\u00fcr erneuerbare Energien, Alternativer Nobelpreis 1999, Bundestagsabgeordneter), Freda Meissner-Blau (Begr\u00fcnderin der Gr\u00fcnen Parlamentspartei in \u00d6sterreich), Elmar Altvater (Freie Universit\u00e4t Berlin), Udo Steinbach (Islamwissenschafter, Direktor des GIGA Instituts f\u00fcr Nahost-Studien), Franz-Josef Radermacher (Universit\u00e4t Ulm, Mitbegr\u00fcnder der Global Marshall Plan Initiative, Mitglied des Club of Rome), Matin Baraki (Philipps-Universit\u00e4t Marburg), Gunther Hauser (Landesverteidigungsakademie Wien), Evelyn H\u00f6dl (Umweltbeauftragte der Erzdi\u00f6zese Wien), Heinz H\u00f6gelsberger (Global 2000), Karin Kneissl (Journalistin, Nahostexpertin), Helga Kromp-Kolb (Universit\u00e4t f\u00fcr Bodenkultur Wien), Gerald Mader (Pr\u00e4sident des Friedenszentrums Schlaining), Gerald Oberansmayr (Werkstatt Frieden und Solidarit\u00e4t, Linz), Thomas Roithner (\u00d6SFK Wien), Thomas Seifert (Journalist, Die Presse), Peter Stania (International Institute for Peace), J\u00fcrg Staudenmann (UNO-Entwicklungsprogramm UNDP), Peter Vadasz (B\u00fcrgermeister G\u00fcssing) und Andreas Zumach (Journalist, UNO-Korrespondent, Genf).<\/p>\n<p>Referate, Workshops, Diskussionen, Burgfest, Friedensgottesdienst und Pr\u00e4sentationen.<\/p>\n<p><strong>Teilnahme:<\/strong> Euro 50,&#8211;\/25 erm\u00e4\u00dfigt<br \/>\n<strong>Unterbringung<\/strong> in Hotel, G\u00e4steh\u00e4usern oder kostenlose Unterbringungsm\u00f6glichkeiten<\/p>\n<p>N\u00e4here Infos unter <a target=\"_blank\" title=\"\u00d6SFK\" href=\"http:\/\/www.aspr.ac.at\/sak2007.htm\">http:\/\/www.aspr.ac.at\/sak2007.htm<\/a><\/p>\n<p>Mit herzlichen Gr\u00fc\u00dfen<br \/>\nThomas Roithner<\/p>\n","protected":false},"excerpt":{"rendered":"<p>Sehr geehrte Damen und Herren, das \u00d6sterreichische Studienzentrum f\u00fcr Frieden und Konfliktl\u00f6sung (\u00d6SFK) m\u00f6chte sehr gerne auf die Neuerscheinung &#8222;Gute Medien &#8211; B\u00f6ser Krieg?&#8220; und auf die Schlaininger Sommerakademie &#8222;Von kalten Energiestrategien zu hei\u00dfen Rohstoffkriegen?&#8220; (8. -13. Juli 2007) hinweisen.<\/p>\n","protected":false},"author":1,"featured_media":0,"comment_status":"open","ping_status":"open","sticky":false,"template":"","format":"standard","meta":{"footnotes":""},"categories":[1],"tags":[],"class_list":["post-143","post","type-post","status-publish","format-standard","hentry","category-allgemein"],"_links":{"self":[{"href":"https:\/\/www.friedensplattform.at\/index.php?rest_route=\/wp\/v2\/posts\/143","targetHints":{"allow":["GET"]}}],"collection":[{"href":"https:\/\/www.friedensplattform.at\/index.php?rest_route=\/wp\/v2\/posts"}],"about":[{"href":"https:\/\/www.friedensplattform.at\/index.php?rest_route=\/wp\/v2\/types\/post"}],"author":[{"embeddable":true,"href":"https:\/\/www.friedensplattform.at\/index.php?rest_route=\/wp\/v2\/users\/1"}],"replies":[{"embeddable":true,"href":"https:\/\/www.friedensplattform.at\/index.php?rest_route=%2Fwp%2Fv2%2Fcomments&post=143"}],"version-history":[{"count":0,"href":"https:\/\/www.friedensplattform.at\/index.php?rest_route=\/wp\/v2\/posts\/143\/revisions"}],"wp:attachment":[{"href":"https:\/\/www.friedensplattform.at\/index.php?rest_route=%2Fwp%2Fv2%2Fmedia&parent=143"}],"wp:term":[{"taxonomy":"category","embeddable":true,"href":"https:\/\/www.friedensplattform.at\/index.php?rest_route=%2Fwp%2Fv2%2Fcategories&post=143"},{"taxonomy":"post_tag","embeddable":true,"href":"https:\/\/www.friedensplattform.at\/index.php?rest_route=%2Fwp%2Fv2%2Ftags&post=143"}],"curies":[{"name":"wp","href":"https:\/\/api.w.org\/{rel}","templated":true}]}}