{"id":1436,"date":"2010-11-30T22:35:14","date_gmt":"2010-11-30T20:35:14","guid":{"rendered":"http:\/\/www.luxorbis.org\/friedensplattform.at\/?p=1436"},"modified":"2010-11-30T22:35:14","modified_gmt":"2010-11-30T20:35:14","slug":"ag-friedensforschung-kritik-an-israels-besatzungspolitik-erlaubt-01-12-2010-friedensratschlag","status":"publish","type":"post","link":"https:\/\/www.friedensplattform.at\/?p=1436","title":{"rendered":"AG Friedensforschung: Kritik an Israels Besatzungspolitik erlaubt? 01.12.2010 (Friedensratschlag)"},"content":{"rendered":"<p>Vergleich und Erinnerung<\/p>\n<p><strong>Die Grosser-Kontroverse \u2013 oder: Wann ist Kritik an Israels Besatzungspolitik passend und zeitgem\u00e4\u00df?<\/strong><\/p>\n<p><em>Von Norman Paech *<\/em><\/p>\n<p>Es ist immer wieder dasselbe. Ja, nat\u00fcrlich ist Kritik an der israelischen Politik gegen\u00fcber den Pal\u00e4stinensern berechtigt. Das ist der allgemeine Tenor ihrer Kritiker, ob vom Zentralrat der Juden oder den Antideutschen und ihrem Umfeld. Aber wird die Kritik vorgebracht, klar und unmi\u00dfverst\u00e4ndlich wie von Felicia Langer, Richard Falk, Richard Goldstone, Mosche Zuckermann, Norman Finkelstein, Ilan Pappe oder j\u00fcngst Alfred Grosser, so ist sie entweder antisemitisch, durch unzul\u00e4ssige Vergleiche mit dem Holocaust vergiftet oder \u2013 wie bei Grossers Rede zum 9. November \u2013 unzeitgem\u00e4\u00df. Bemerkenswert ist, da\u00df die Vorw\u00fcrfe in wesentlich robusterer Manier vorgetragen werden, als die Kritiker ihre Kritik an der israelischen Regierung \u00e4u\u00dfern. Das reicht von der Beschimpfung bis zum Verbot des Auftritts und man fragt sich, warum das so ist, was diesen Kreuzzug gegen die Kritik so motiviert?<\/p>\n<p><a title=\"Uni Kassel\" href=\"http:\/\/www.ag-friedensforschung.de\/regionen\/Israel\/grosser.html\" target=\"_blank\">Weiterlesen auf den Seiten der AG Friedensforschung<\/a><\/p>\n","protected":false},"excerpt":{"rendered":"<p>Vergleich und Erinnerung Die Grosser-Kontroverse \u2013 oder: Wann ist Kritik an Israels Besatzungspolitik passend und zeitgem\u00e4\u00df? Von Norman Paech * Es ist immer wieder dasselbe. Ja, nat\u00fcrlich ist Kritik an der israelischen Politik gegen\u00fcber den Pal\u00e4stinensern berechtigt. Das ist der allgemeine Tenor ihrer Kritiker, ob vom Zentralrat der Juden oder den Antideutschen und ihrem Umfeld. &hellip; <a href=\"https:\/\/www.friedensplattform.at\/?p=1436\" class=\"more-link\"><span class=\"screen-reader-text\">AG Friedensforschung: Kritik an Israels Besatzungspolitik erlaubt? 01.12.2010 (Friedensratschlag)<\/span> weiterlesen <span class=\"meta-nav\">&rarr;<\/span><\/a><\/p>\n","protected":false},"author":1,"featured_media":0,"comment_status":"open","ping_status":"open","sticky":false,"template":"","format":"standard","meta":{"footnotes":""},"categories":[1],"tags":[],"class_list":["post-1436","post","type-post","status-publish","format-standard","hentry","category-allgemein"],"_links":{"self":[{"href":"https:\/\/www.friedensplattform.at\/index.php?rest_route=\/wp\/v2\/posts\/1436","targetHints":{"allow":["GET"]}}],"collection":[{"href":"https:\/\/www.friedensplattform.at\/index.php?rest_route=\/wp\/v2\/posts"}],"about":[{"href":"https:\/\/www.friedensplattform.at\/index.php?rest_route=\/wp\/v2\/types\/post"}],"author":[{"embeddable":true,"href":"https:\/\/www.friedensplattform.at\/index.php?rest_route=\/wp\/v2\/users\/1"}],"replies":[{"embeddable":true,"href":"https:\/\/www.friedensplattform.at\/index.php?rest_route=%2Fwp%2Fv2%2Fcomments&post=1436"}],"version-history":[{"count":0,"href":"https:\/\/www.friedensplattform.at\/index.php?rest_route=\/wp\/v2\/posts\/1436\/revisions"}],"wp:attachment":[{"href":"https:\/\/www.friedensplattform.at\/index.php?rest_route=%2Fwp%2Fv2%2Fmedia&parent=1436"}],"wp:term":[{"taxonomy":"category","embeddable":true,"href":"https:\/\/www.friedensplattform.at\/index.php?rest_route=%2Fwp%2Fv2%2Fcategories&post=1436"},{"taxonomy":"post_tag","embeddable":true,"href":"https:\/\/www.friedensplattform.at\/index.php?rest_route=%2Fwp%2Fv2%2Ftags&post=1436"}],"curies":[{"name":"wp","href":"https:\/\/api.w.org\/{rel}","templated":true}]}}