{"id":1460,"date":"2010-12-12T22:27:14","date_gmt":"2010-12-12T20:27:14","guid":{"rendered":"http:\/\/www.luxorbis.org\/friedensplattform.at\/?p=1460"},"modified":"2010-12-12T22:27:14","modified_gmt":"2010-12-12T20:27:14","slug":"jungewelt-desastroeses-ergebnis","status":"publish","type":"post","link":"https:\/\/www.friedensplattform.at\/?p=1460","title":{"rendered":"jungeWelt: Desastr&#246;ses Ergebnis"},"content":{"rendered":"<p>Canc\u00fan: Einigung auf dem Klima-Gipfel ist \u00bbschlechter als gar kein Abkommen\u00ab<\/p>\n<p><em>Von Peter Clausing<\/em><\/p>\n<p>Wer kleine Br\u00f6tchen b\u00e4ckt, kann frohlocken, wenn eines davon etwas gr\u00f6\u00dfer ausf\u00e4llt, selbst wenn es deformiert ist. So etwa k\u00f6nnte die Philosophie der offiziellen Politik mit Blick auf die Ergebnisse des Klimagipfels im mexikanischen Canc\u00fan, der am Samstag zu Ende ging, umschrieben werden.<\/p>\n<p><a href=\"http:\/\/www.jungewelt.de\/2010\/12-13\/038.php\" target=\"_blank\">Weiterlesen in der jungen Welt<\/a><\/p>\n","protected":false},"excerpt":{"rendered":"<p>Canc\u00fan: Einigung auf dem Klima-Gipfel ist \u00bbschlechter als gar kein Abkommen\u00ab Von Peter Clausing Wer kleine Br\u00f6tchen b\u00e4ckt, kann frohlocken, wenn eines davon etwas gr\u00f6\u00dfer ausf\u00e4llt, selbst wenn es deformiert ist. So etwa k\u00f6nnte die Philosophie der offiziellen Politik mit Blick auf die Ergebnisse des Klimagipfels im mexikanischen Canc\u00fan, der am Samstag zu Ende ging, &hellip; <a href=\"https:\/\/www.friedensplattform.at\/?p=1460\" class=\"more-link\"><span class=\"screen-reader-text\">jungeWelt: Desastr&#246;ses Ergebnis<\/span> weiterlesen <span class=\"meta-nav\">&rarr;<\/span><\/a><\/p>\n","protected":false},"author":1,"featured_media":0,"comment_status":"open","ping_status":"open","sticky":false,"template":"","format":"standard","meta":{"footnotes":""},"categories":[14],"tags":[],"class_list":["post-1460","post","type-post","status-publish","format-standard","hentry","category-klima"],"_links":{"self":[{"href":"https:\/\/www.friedensplattform.at\/index.php?rest_route=\/wp\/v2\/posts\/1460","targetHints":{"allow":["GET"]}}],"collection":[{"href":"https:\/\/www.friedensplattform.at\/index.php?rest_route=\/wp\/v2\/posts"}],"about":[{"href":"https:\/\/www.friedensplattform.at\/index.php?rest_route=\/wp\/v2\/types\/post"}],"author":[{"embeddable":true,"href":"https:\/\/www.friedensplattform.at\/index.php?rest_route=\/wp\/v2\/users\/1"}],"replies":[{"embeddable":true,"href":"https:\/\/www.friedensplattform.at\/index.php?rest_route=%2Fwp%2Fv2%2Fcomments&post=1460"}],"version-history":[{"count":0,"href":"https:\/\/www.friedensplattform.at\/index.php?rest_route=\/wp\/v2\/posts\/1460\/revisions"}],"wp:attachment":[{"href":"https:\/\/www.friedensplattform.at\/index.php?rest_route=%2Fwp%2Fv2%2Fmedia&parent=1460"}],"wp:term":[{"taxonomy":"category","embeddable":true,"href":"https:\/\/www.friedensplattform.at\/index.php?rest_route=%2Fwp%2Fv2%2Fcategories&post=1460"},{"taxonomy":"post_tag","embeddable":true,"href":"https:\/\/www.friedensplattform.at\/index.php?rest_route=%2Fwp%2Fv2%2Ftags&post=1460"}],"curies":[{"name":"wp","href":"https:\/\/api.w.org\/{rel}","templated":true}]}}