{"id":1462,"date":"2010-12-14T20:57:19","date_gmt":"2010-12-14T18:57:19","guid":{"rendered":"http:\/\/www.luxorbis.org\/friedensplattform.at\/?p=1462"},"modified":"2010-12-14T20:57:19","modified_gmt":"2010-12-14T18:57:19","slug":"spiegel-de-bestandene-machtprobe","status":"publish","type":"post","link":"https:\/\/www.friedensplattform.at\/?p=1462","title":{"rendered":"spiegel.de: Bestandene Machtprobe"},"content":{"rendered":"<p>Berlusconi-Sieg l\u00f6st Stra\u00dfenschlachten in Rom aus<\/p>\n<p>Kurz nachdem Ministerpr\u00e4sident Silvio Berlusconi im italienischen Parlament zwei Misstrauensvoten gewonnen hat, sind in Rom heftige Krawalle ausgebrochen. Hunderte Demonstranten lieferten sich Stra\u00dfenschlachten mit der Polizei, mindestens 40 Menschen wurden verletzt.<\/p>\n<p><a href=\"http:\/\/www.spiegel.de\/politik\/ausland\/0,1518,734676,00.html\" target=\"_blank\">Weiterlesen im spiegel<\/a><\/p>\n<p>Weiteres Video zur Studentendemo Italien 14. Dezember<\/p>\n<p><a href=\"http:\/\/www.npa2009.org\/npa-tv\/all\/all\/23369\" target=\"_blank\">http:\/\/www.npa2009.org\/npa-tv\/all\/all\/23369<\/a><\/p>\n","protected":false},"excerpt":{"rendered":"<p>Berlusconi-Sieg l\u00f6st Stra\u00dfenschlachten in Rom aus Kurz nachdem Ministerpr\u00e4sident Silvio Berlusconi im italienischen Parlament zwei Misstrauensvoten gewonnen hat, sind in Rom heftige Krawalle ausgebrochen. Hunderte Demonstranten lieferten sich Stra\u00dfenschlachten mit der Polizei, mindestens 40 Menschen wurden verletzt. Weiterlesen im spiegel Weiteres Video zur Studentendemo Italien 14. Dezember http:\/\/www.npa2009.org\/npa-tv\/all\/all\/23369<\/p>\n","protected":false},"author":1,"featured_media":0,"comment_status":"open","ping_status":"open","sticky":false,"template":"","format":"standard","meta":{"footnotes":""},"categories":[1],"tags":[],"class_list":["post-1462","post","type-post","status-publish","format-standard","hentry","category-allgemein"],"_links":{"self":[{"href":"https:\/\/www.friedensplattform.at\/index.php?rest_route=\/wp\/v2\/posts\/1462","targetHints":{"allow":["GET"]}}],"collection":[{"href":"https:\/\/www.friedensplattform.at\/index.php?rest_route=\/wp\/v2\/posts"}],"about":[{"href":"https:\/\/www.friedensplattform.at\/index.php?rest_route=\/wp\/v2\/types\/post"}],"author":[{"embeddable":true,"href":"https:\/\/www.friedensplattform.at\/index.php?rest_route=\/wp\/v2\/users\/1"}],"replies":[{"embeddable":true,"href":"https:\/\/www.friedensplattform.at\/index.php?rest_route=%2Fwp%2Fv2%2Fcomments&post=1462"}],"version-history":[{"count":0,"href":"https:\/\/www.friedensplattform.at\/index.php?rest_route=\/wp\/v2\/posts\/1462\/revisions"}],"wp:attachment":[{"href":"https:\/\/www.friedensplattform.at\/index.php?rest_route=%2Fwp%2Fv2%2Fmedia&parent=1462"}],"wp:term":[{"taxonomy":"category","embeddable":true,"href":"https:\/\/www.friedensplattform.at\/index.php?rest_route=%2Fwp%2Fv2%2Fcategories&post=1462"},{"taxonomy":"post_tag","embeddable":true,"href":"https:\/\/www.friedensplattform.at\/index.php?rest_route=%2Fwp%2Fv2%2Ftags&post=1462"}],"curies":[{"name":"wp","href":"https:\/\/api.w.org\/{rel}","templated":true}]}}