{"id":1467,"date":"2010-12-19T21:36:29","date_gmt":"2010-12-19T19:36:29","guid":{"rendered":"http:\/\/www.luxorbis.org\/friedensplattform.at\/?p=1467"},"modified":"2010-12-19T21:36:29","modified_gmt":"2010-12-19T19:36:29","slug":"orf-at-klimagipfel-in-kopenhagen-festnahmen-waren-illegal","status":"publish","type":"post","link":"https:\/\/www.friedensplattform.at\/?p=1467","title":{"rendered":"orf.at: Klimagipfel in Kopenhagen: Festnahmen waren illegal"},"content":{"rendered":"<p>Ein d\u00e4nisches Gericht hat die Festnahmen von 250 Demonstranten beim Klimagipfel in Kopenhagen vor einem Jahr f\u00fcr rechtswidrig erkl\u00e4rt.<\/p>\n<p><a title=\"orf.at\" href=\"http:\/\/www.orf.at\/stories\/2031400\/\" target=\"_blank\">Weiterlesen beim ORF<\/a><\/p>\n","protected":false},"excerpt":{"rendered":"<p>Ein d\u00e4nisches Gericht hat die Festnahmen von 250 Demonstranten beim Klimagipfel in Kopenhagen vor einem Jahr f\u00fcr rechtswidrig erkl\u00e4rt. Weiterlesen beim ORF<\/p>\n","protected":false},"author":1,"featured_media":0,"comment_status":"open","ping_status":"open","sticky":false,"template":"","format":"standard","meta":{"footnotes":""},"categories":[14],"tags":[],"class_list":["post-1467","post","type-post","status-publish","format-standard","hentry","category-klima"],"_links":{"self":[{"href":"https:\/\/www.friedensplattform.at\/index.php?rest_route=\/wp\/v2\/posts\/1467","targetHints":{"allow":["GET"]}}],"collection":[{"href":"https:\/\/www.friedensplattform.at\/index.php?rest_route=\/wp\/v2\/posts"}],"about":[{"href":"https:\/\/www.friedensplattform.at\/index.php?rest_route=\/wp\/v2\/types\/post"}],"author":[{"embeddable":true,"href":"https:\/\/www.friedensplattform.at\/index.php?rest_route=\/wp\/v2\/users\/1"}],"replies":[{"embeddable":true,"href":"https:\/\/www.friedensplattform.at\/index.php?rest_route=%2Fwp%2Fv2%2Fcomments&post=1467"}],"version-history":[{"count":0,"href":"https:\/\/www.friedensplattform.at\/index.php?rest_route=\/wp\/v2\/posts\/1467\/revisions"}],"wp:attachment":[{"href":"https:\/\/www.friedensplattform.at\/index.php?rest_route=%2Fwp%2Fv2%2Fmedia&parent=1467"}],"wp:term":[{"taxonomy":"category","embeddable":true,"href":"https:\/\/www.friedensplattform.at\/index.php?rest_route=%2Fwp%2Fv2%2Fcategories&post=1467"},{"taxonomy":"post_tag","embeddable":true,"href":"https:\/\/www.friedensplattform.at\/index.php?rest_route=%2Fwp%2Fv2%2Ftags&post=1467"}],"curies":[{"name":"wp","href":"https:\/\/api.w.org\/{rel}","templated":true}]}}