{"id":1470,"date":"2010-12-19T21:40:21","date_gmt":"2010-12-19T19:40:21","guid":{"rendered":"http:\/\/www.luxorbis.org\/friedensplattform.at\/?p=1470"},"modified":"2010-12-19T21:40:21","modified_gmt":"2010-12-19T19:40:21","slug":"derfreitag-de-der-mythos-des-liberalen-interventionismus","status":"publish","type":"post","link":"https:\/\/www.friedensplattform.at\/?p=1470","title":{"rendered":"derfreitag.de: Der Mythos des liberalen Interventionismus"},"content":{"rendered":"<p>Besser sp\u00e4t als nie: Den westlichen Eliten d\u00e4mmert elf Jahre nach dem NATO-\u00dcberfall auf Jugoslawien im M\u00e4rz 1999, dass dieser ebenso falsch war wie die Irak-Invasion<\/p>\n<p><a title=\"freitag.de\" href=\"http:\/\/www.freitag.de\/politik\/1050-der-mythos-des-liberalen-interventionismus\" target=\"_blank\">Weiterlesen auf freitag.de<\/a><\/p>\n","protected":false},"excerpt":{"rendered":"<p>Besser sp\u00e4t als nie: Den westlichen Eliten d\u00e4mmert elf Jahre nach dem NATO-\u00dcberfall auf Jugoslawien im M\u00e4rz 1999, dass dieser ebenso falsch war wie die Irak-Invasion Weiterlesen auf freitag.de<\/p>\n","protected":false},"author":1,"featured_media":0,"comment_status":"open","ping_status":"open","sticky":false,"template":"","format":"standard","meta":{"footnotes":""},"categories":[1],"tags":[],"class_list":["post-1470","post","type-post","status-publish","format-standard","hentry","category-allgemein"],"_links":{"self":[{"href":"https:\/\/www.friedensplattform.at\/index.php?rest_route=\/wp\/v2\/posts\/1470","targetHints":{"allow":["GET"]}}],"collection":[{"href":"https:\/\/www.friedensplattform.at\/index.php?rest_route=\/wp\/v2\/posts"}],"about":[{"href":"https:\/\/www.friedensplattform.at\/index.php?rest_route=\/wp\/v2\/types\/post"}],"author":[{"embeddable":true,"href":"https:\/\/www.friedensplattform.at\/index.php?rest_route=\/wp\/v2\/users\/1"}],"replies":[{"embeddable":true,"href":"https:\/\/www.friedensplattform.at\/index.php?rest_route=%2Fwp%2Fv2%2Fcomments&post=1470"}],"version-history":[{"count":0,"href":"https:\/\/www.friedensplattform.at\/index.php?rest_route=\/wp\/v2\/posts\/1470\/revisions"}],"wp:attachment":[{"href":"https:\/\/www.friedensplattform.at\/index.php?rest_route=%2Fwp%2Fv2%2Fmedia&parent=1470"}],"wp:term":[{"taxonomy":"category","embeddable":true,"href":"https:\/\/www.friedensplattform.at\/index.php?rest_route=%2Fwp%2Fv2%2Fcategories&post=1470"},{"taxonomy":"post_tag","embeddable":true,"href":"https:\/\/www.friedensplattform.at\/index.php?rest_route=%2Fwp%2Fv2%2Ftags&post=1470"}],"curies":[{"name":"wp","href":"https:\/\/api.w.org\/{rel}","templated":true}]}}